{"id":39005,"date":"2025-02-12T15:01:45","date_gmt":"2025-02-12T20:01:45","guid":{"rendered":"https:\/\/fireflyin.org\/?p=39005"},"modified":"2025-02-25T12:04:26","modified_gmt":"2025-02-25T17:04:26","slug":"kris-corner-grief-in-foster-care","status":"publish","type":"post","link":"https:\/\/fireflyin.org\/ht\/resources\/news-library\/kris-corner-grief-in-foster-care\/","title":{"rendered":"Kris&#039; Corner \u2013 Chagren nan swen adoptif"},"content":{"rendered":"<p>Se konsa, gen anpil rezon ki f\u00e8 paran adoptif yo ka f\u00e8 lapenn (mwen konnen sa a ta ka pa vann li si ou se sou kloti a sou yo te yon paran adoptif). Men, anvan tout bagay, yon fanmi adoptif ta ka lapenn l\u00e8 yon timoun yo panse ki pral rete pou tout tan fini reyini ak fanmi byolojik la. Pou nou kl\u00e8: li selebre l\u00e8 yon timoun kapab ak fanmi byolojik yo, sitou si fanmi byolojik la kapab kenbe lyen ak fanmi adoptif la, itilize yo k\u00f2m sip\u00f2 nan moman bezwen.<\/p>\n<p>Sepandan, jan mwen mansyone, li ka pafwa devaste pou yon fanmi adoptif, espesyalman si yo se yon kay pre-adoptif ak wou yo te an mouvman pou adopsyon. Men, sa a se pa entansyon an nan blog mwen an jodi a. Gen l\u00f2t kalite chagren ki asosye ak swen adoptif ke mwen ta renmen rekon\u00e8t...e afime ou si ou te janm santi nenp\u00f2t nan sa yo. Sa yo ka gen ladan (men pa limite a) lis sa a:<\/p>\n<ul>\n<li>l\u00e8 ou jwenn sa ou te vle ak yon timoun rete nan swen ou men L\u00e8 sa a, bagay sa yo pa fini sanble tankou ou te panse (souvan pi difisil).<\/li>\n<li>l\u00e8 ou panse ou gen yon manch sou sa dyagnostik yon timoun se (oswa dyagnostik yo ye), men li vire soti yo dwe pi plis.<\/li>\n<li>l\u00e8 yon timoun pi gran epi li pran swen, ou panse ou gen yon foto tr\u00e8 bon de sa k ap pase...men se te jis yon pery\u00f2d lin de my\u00e8l.<\/li>\n<li>l\u00e8 yon tibebe oswa yon timoun piti vini lakay ou, ou p ap konnen jiskaske timoun nan grandi ak matirite pou dekouvri egzakteman ki kalite pwobl\u00e8m oswa reta oswa dyagnostik li genyen.<\/li>\n<li>l\u00e8 paran byolojik yo chaje w ak abi oswa neglijans.<\/li>\n<li>l\u00e8 w ap pran swen timoun ki gen ch\u00f2k, men manman byolojik plasman w lan te f\u00e8 yon l\u00f2t ti bebe epi li te mande w pou w pran yo.<\/li>\n<li>l\u00e8 ou te antre nan sa a ede timoun ki soti nan kote difisil epi li jis pa ditou tankou ou te panse li ta.<\/li>\n<li>l\u00e8 w santi w ap bat t\u00e8t ou kont miray la, epi pa gen okenn pwogr\u00e8 ki f\u00e8t.<\/li>\n<li>l\u00e8 ou menm santi tankou ou pa s\u00e8lman ap deplase pi devan, men, an reyalite, ap deplase bak.<\/li>\n<li>l\u00e8 li difisil epi li fwistre ak en\u00e8van ak dekouraje.<\/li>\n<\/ul>\n<p>Tout bagay sa yo ka vr\u00e8man difisil. Ak lapenn nenp\u00f2t nan bagay sa yo: se kalite lapenn ke m ap pale a.<\/p>\n<p>Ak anpil fwa li mennen nan non s\u00e8lman santiman lapenn men pet\u00e8t menm rem\u00f2; ki ka definitivman santi tankou yon kote ki f\u00e8 nwa. Epi l\u00e8 sa rive, tanpri konnen ke ou pa poukont ou nan santi w konsa; chagren an se absoliman rey\u00e8l e menm si se pa tout moun ka konprann li (sitou si yo pa nan mond lan nan swen adoptif), sa pa minimize bagay sa yo ou santi yo.<\/p>\n<p>Se l\u00e8 santiman ak panse sa yo p\u00e8siste, ou DWE lonje k\u00f2 ou epi mande \u00e8d. Jwenn yon gwoup sip\u00f2. Rele yon zanmi ki te sip\u00f2te ak konpreyansyon nan vwayaj swen adoptif ou. Jwenn yon konseye (gen k\u00e8k konseye vr\u00e8man gwo disponib n\u00f2malman si ou pa disponib pou w\u00e8 youn an p\u00e8s\u00f2n oswa or\u00e8 ou limite). Pa gen okenn wont nan nenp\u00f2t nan sa yo ... k\u00e8lkeswa sa yon l\u00f2t moun ka eseye di ou.<\/p>\n<p>Epitou, si yo adopte pitit ou a, ou ka jwenn asistans atrav\u00e8 S\u00e8vis Post Adopsyon. Si yo se yon timoun ki toujou nan swen, ajans ou a (Firefly Children and Family Alliance) souvan pral yon resous etonan pou \u00e8d. Men, l\u00f2t fwa, mwen te jwenn, lapenn nan jis frape m &#039;soti nan ble a epi li pa omnipr\u00e9sente men olye de sa li se yon moman (oswa pet\u00e8t menm yon jou) kote mwen santi mwen dekouraje oswa pesimis ... e pou sa, mwen gen yon sijesyon eseye.<\/p>\n<p>Li pa toujou pral repons lan pou tout moun e mwen pa ta oze sijere ke li se. Men, isit la se...manje pou reflechi, si pa gen anyen l\u00f2t bagay, pou jwenn nan moman yo plen chagren. L\u00e8 mwen santi mwen nan fen k\u00f2d mwen an, mwen mete yon rev\u00e8y pou k\u00e8k minit (pet\u00e8t 10), epi kite t\u00e8t mwen lapenn lef\u00e8t ke bagay yo pa gade tankou mwen te panse. Mwen kriye yon ti kras si mwen bezwen (mwen f\u00e8 sa souvan), L\u00e8 sa a, l\u00e8 rev\u00e8y la ale, mwen siye figi mwen epi kontinye f\u00e8 travay mwen te f\u00e8 a.<\/p>\n<p>Koulye a, sa vle di ke anyen vin pi fasil? Non. \u00c8ske li toujou f\u00e8 m soti nan funk mwen an? Non. \u00c8ske lapenn mwen santi pafwa plis pase estrateji pou siviv sa a ka ede? Wi. Men pafwa tou senpleman gen sa a emosyon\u00e8l lage ak rekonesans nan sa ou santi ou ka amelyore pespektiv ou epi p\u00e8m\u00e8t ou kontinye ak travay enp\u00f2tan ak neses\u00e8 nan adoptif paran.<\/p>\n<p>Sens\u00e8man,<\/p>\n<p>Kris<\/p>","protected":false},"excerpt":{"rendered":"<p>So there are lots of reasons that foster parents might grieve (I know this might not be selling it if you are on the fence about being a foster parent). But first and foremost, a foster family might grieve when a child they think is going to stay forever ends up being reunified with the [&hellip;]<\/p>\n","protected":false},"author":19,"featured_media":0,"comment_status":"open","ping_status":"open","sticky":false,"template":"","format":"standard","meta":{"_et_pb_use_builder":"","_et_pb_old_content":"","_et_gb_content_width":"","footnotes":""},"categories":[10],"tags":[],"class_list":["post-39005","post","type-post","status-publish","format-standard","hentry","category-kriss-corner"],"yoast_head":"<!-- This site is optimized with the Yoast SEO plugin v27.4 - https:\/\/yoast.com\/product\/yoast-seo-wordpress\/ -->\n<title>Kris&#039; Corner - Grief in Foster Care - Firefly Children and Family Alliance<\/title>\n<meta name=\"robots\" content=\"index, follow, max-snippet:-1, max-image-preview:large, max-video-preview:-1\" \/>\n<link rel=\"canonical\" href=\"https:\/\/fireflyin.org\/ht\/resources\/news-library\/kris-corner-grief-in-foster-care\/\" \/>\n<meta property=\"og:locale\" content=\"ht_HT\" \/>\n<meta property=\"og:type\" content=\"article\" \/>\n<meta property=\"og:title\" content=\"Kris&#039; Corner - Grief in Foster Care - Firefly Children and Family Alliance\" \/>\n<meta property=\"og:description\" content=\"So there are lots of reasons that foster parents might grieve (I know this might not be selling it if you are on the fence about being a foster parent). But first and foremost, a foster family might grieve when a child they think is going to stay forever ends up being reunified with the [&hellip;]\" \/>\n<meta property=\"og:url\" content=\"https:\/\/fireflyin.org\/ht\/resources\/news-library\/kris-corner-grief-in-foster-care\/\" \/>\n<meta property=\"og:site_name\" content=\"Firefly Children and Family Alliance\" \/>\n<meta property=\"article:published_time\" content=\"2025-02-12T20:01:45+00:00\" \/>\n<meta property=\"article:modified_time\" content=\"2025-02-25T17:04:26+00:00\" \/>\n<meta name=\"author\" content=\"Firefly Children and Family Alliance\" \/>\n<meta name=\"twitter:card\" content=\"summary_large_image\" \/>\n<meta name=\"twitter:label1\" content=\"Written by\" \/>\n\t<meta name=\"twitter:data1\" content=\"Firefly Children and Family Alliance\" \/>\n\t<meta name=\"twitter:label2\" content=\"Est. reading time\" \/>\n\t<meta name=\"twitter:data2\" content=\"4 minutes\" \/>\n<script type=\"application\/ld+json\" class=\"yoast-schema-graph\">{\"@context\":\"https:\\\/\\\/schema.org\",\"@graph\":[{\"@type\":\"Article\",\"@id\":\"https:\\\/\\\/fireflyin.org\\\/resources\\\/news-library\\\/kris-corner-grief-in-foster-care\\\/#article\",\"isPartOf\":{\"@id\":\"https:\\\/\\\/fireflyin.org\\\/resources\\\/news-library\\\/kris-corner-grief-in-foster-care\\\/\"},\"author\":{\"name\":\"Firefly Children and Family Alliance\",\"@id\":\"https:\\\/\\\/fireflyin.org\\\/#\\\/schema\\\/person\\\/4a0a717d05ab7bca77c74ce89ec295bf\"},\"headline\":\"Kris&#8217; Corner &#8211; Grief in Foster Care\",\"datePublished\":\"2025-02-12T20:01:45+00:00\",\"dateModified\":\"2025-02-25T17:04:26+00:00\",\"mainEntityOfPage\":{\"@id\":\"https:\\\/\\\/fireflyin.org\\\/resources\\\/news-library\\\/kris-corner-grief-in-foster-care\\\/\"},\"wordCount\":832,\"commentCount\":0,\"articleSection\":[\"Kris' Corner\"],\"inLanguage\":\"ht\"},{\"@type\":\"WebPage\",\"@id\":\"https:\\\/\\\/fireflyin.org\\\/resources\\\/news-library\\\/kris-corner-grief-in-foster-care\\\/\",\"url\":\"https:\\\/\\\/fireflyin.org\\\/resources\\\/news-library\\\/kris-corner-grief-in-foster-care\\\/\",\"name\":\"Kris' Corner - Grief in Foster Care - Firefly Children and Family Alliance\",\"isPartOf\":{\"@id\":\"https:\\\/\\\/fireflyin.org\\\/#website\"},\"datePublished\":\"2025-02-12T20:01:45+00:00\",\"dateModified\":\"2025-02-25T17:04:26+00:00\",\"author\":{\"@id\":\"https:\\\/\\\/fireflyin.org\\\/#\\\/schema\\\/person\\\/4a0a717d05ab7bca77c74ce89ec295bf\"},\"breadcrumb\":{\"@id\":\"https:\\\/\\\/fireflyin.org\\\/resources\\\/news-library\\\/kris-corner-grief-in-foster-care\\\/#breadcrumb\"},\"inLanguage\":\"ht\",\"potentialAction\":[{\"@type\":\"ReadAction\",\"target\":[\"https:\\\/\\\/fireflyin.org\\\/resources\\\/news-library\\\/kris-corner-grief-in-foster-care\\\/\"]}]},{\"@type\":\"BreadcrumbList\",\"@id\":\"https:\\\/\\\/fireflyin.org\\\/resources\\\/news-library\\\/kris-corner-grief-in-foster-care\\\/#breadcrumb\",\"itemListElement\":[{\"@type\":\"ListItem\",\"position\":1,\"name\":\"Home\",\"item\":\"https:\\\/\\\/fireflyin.org\\\/\"},{\"@type\":\"ListItem\",\"position\":2,\"name\":\"Kris&#8217; Corner &#8211; Grief in Foster Care\"}]},{\"@type\":\"WebSite\",\"@id\":\"https:\\\/\\\/fireflyin.org\\\/#website\",\"url\":\"https:\\\/\\\/fireflyin.org\\\/\",\"name\":\"Firefly Children and Family Alliance\",\"description\":\"foster parents impact, foster kids, foster parents needed, a foster parent&#039;s role\",\"potentialAction\":[{\"@type\":\"SearchAction\",\"target\":{\"@type\":\"EntryPoint\",\"urlTemplate\":\"https:\\\/\\\/fireflyin.org\\\/?s={search_term_string}\"},\"query-input\":{\"@type\":\"PropertyValueSpecification\",\"valueRequired\":true,\"valueName\":\"search_term_string\"}}],\"inLanguage\":\"ht\"},{\"@type\":\"Person\",\"@id\":\"https:\\\/\\\/fireflyin.org\\\/#\\\/schema\\\/person\\\/4a0a717d05ab7bca77c74ce89ec295bf\",\"name\":\"Firefly Children and Family Alliance\",\"image\":{\"@type\":\"ImageObject\",\"inLanguage\":\"ht\",\"@id\":\"https:\\\/\\\/secure.gravatar.com\\\/avatar\\\/05d76712c41f02a8e2d8f22346b1a85e7f00cb4436efc2fa6670ee39129fd71b?s=96&d=mm&r=g\",\"url\":\"https:\\\/\\\/secure.gravatar.com\\\/avatar\\\/05d76712c41f02a8e2d8f22346b1a85e7f00cb4436efc2fa6670ee39129fd71b?s=96&d=mm&r=g\",\"contentUrl\":\"https:\\\/\\\/secure.gravatar.com\\\/avatar\\\/05d76712c41f02a8e2d8f22346b1a85e7f00cb4436efc2fa6670ee39129fd71b?s=96&d=mm&r=g\",\"caption\":\"Firefly Children and Family Alliance\"},\"url\":\"https:\\\/\\\/fireflyin.org\\\/ht\\\/resources\\\/news-library\\\/author\\\/firefly-children-and-family-alliance\\\/\"}]}<\/script>\n<!-- \/ Yoast SEO plugin. -->","yoast_head_json":{"title":"Kris' Corner - Grief in Foster Care - Firefly Children and Family Alliance","robots":{"index":"index","follow":"follow","max-snippet":"max-snippet:-1","max-image-preview":"max-image-preview:large","max-video-preview":"max-video-preview:-1"},"canonical":"https:\/\/fireflyin.org\/ht\/resources\/news-library\/kris-corner-grief-in-foster-care\/","og_locale":"ht_HT","og_type":"article","og_title":"Kris' Corner - Grief in Foster Care - Firefly Children and Family Alliance","og_description":"So there are lots of reasons that foster parents might grieve (I know this might not be selling it if you are on the fence about being a foster parent). But first and foremost, a foster family might grieve when a child they think is going to stay forever ends up being reunified with the [&hellip;]","og_url":"https:\/\/fireflyin.org\/ht\/resources\/news-library\/kris-corner-grief-in-foster-care\/","og_site_name":"Firefly Children and Family Alliance","article_published_time":"2025-02-12T20:01:45+00:00","article_modified_time":"2025-02-25T17:04:26+00:00","author":"Firefly Children and Family Alliance","twitter_card":"summary_large_image","twitter_misc":{"Written by":"Firefly Children and Family Alliance","Est. reading time":"4 minutes"},"schema":{"@context":"https:\/\/schema.org","@graph":[{"@type":"Article","@id":"https:\/\/fireflyin.org\/resources\/news-library\/kris-corner-grief-in-foster-care\/#article","isPartOf":{"@id":"https:\/\/fireflyin.org\/resources\/news-library\/kris-corner-grief-in-foster-care\/"},"author":{"name":"Firefly Children and Family Alliance","@id":"https:\/\/fireflyin.org\/#\/schema\/person\/4a0a717d05ab7bca77c74ce89ec295bf"},"headline":"Kris&#8217; Corner &#8211; Grief in Foster Care","datePublished":"2025-02-12T20:01:45+00:00","dateModified":"2025-02-25T17:04:26+00:00","mainEntityOfPage":{"@id":"https:\/\/fireflyin.org\/resources\/news-library\/kris-corner-grief-in-foster-care\/"},"wordCount":832,"commentCount":0,"articleSection":["Kris' Corner"],"inLanguage":"ht"},{"@type":"WebPage","@id":"https:\/\/fireflyin.org\/resources\/news-library\/kris-corner-grief-in-foster-care\/","url":"https:\/\/fireflyin.org\/resources\/news-library\/kris-corner-grief-in-foster-care\/","name":"Kris' Corner - Grief in Foster Care - Firefly Children and Family Alliance","isPartOf":{"@id":"https:\/\/fireflyin.org\/#website"},"datePublished":"2025-02-12T20:01:45+00:00","dateModified":"2025-02-25T17:04:26+00:00","author":{"@id":"https:\/\/fireflyin.org\/#\/schema\/person\/4a0a717d05ab7bca77c74ce89ec295bf"},"breadcrumb":{"@id":"https:\/\/fireflyin.org\/resources\/news-library\/kris-corner-grief-in-foster-care\/#breadcrumb"},"inLanguage":"ht","potentialAction":[{"@type":"ReadAction","target":["https:\/\/fireflyin.org\/resources\/news-library\/kris-corner-grief-in-foster-care\/"]}]},{"@type":"BreadcrumbList","@id":"https:\/\/fireflyin.org\/resources\/news-library\/kris-corner-grief-in-foster-care\/#breadcrumb","itemListElement":[{"@type":"ListItem","position":1,"name":"Home","item":"https:\/\/fireflyin.org\/"},{"@type":"ListItem","position":2,"name":"Kris&#8217; Corner &#8211; Grief in Foster Care"}]},{"@type":"WebSite","@id":"https:\/\/fireflyin.org\/#website","url":"https:\/\/fireflyin.org\/","name":"Koukouy Timoun ak Fanmi Alliance","description":"enpak paran adoptif, timoun adoptif, paran adoptif bezwen, w\u00f2l yon paran adoptif&#039;","potentialAction":[{"@type":"SearchAction","target":{"@type":"EntryPoint","urlTemplate":"https:\/\/fireflyin.org\/?s={search_term_string}"},"query-input":{"@type":"PropertyValueSpecification","valueRequired":true,"valueName":"search_term_string"}}],"inLanguage":"ht"},{"@type":"Person","@id":"https:\/\/fireflyin.org\/#\/schema\/person\/4a0a717d05ab7bca77c74ce89ec295bf","name":"Koukouy Timoun ak Fanmi Alliance","image":{"@type":"ImageObject","inLanguage":"ht","@id":"https:\/\/secure.gravatar.com\/avatar\/05d76712c41f02a8e2d8f22346b1a85e7f00cb4436efc2fa6670ee39129fd71b?s=96&d=mm&r=g","url":"https:\/\/secure.gravatar.com\/avatar\/05d76712c41f02a8e2d8f22346b1a85e7f00cb4436efc2fa6670ee39129fd71b?s=96&d=mm&r=g","contentUrl":"https:\/\/secure.gravatar.com\/avatar\/05d76712c41f02a8e2d8f22346b1a85e7f00cb4436efc2fa6670ee39129fd71b?s=96&d=mm&r=g","caption":"Firefly Children and Family Alliance"},"url":"https:\/\/fireflyin.org\/ht\/resources\/news-library\/author\/firefly-children-and-family-alliance\/"}]}},"_links":{"self":[{"href":"https:\/\/fireflyin.org\/ht\/wp-json\/wp\/v2\/posts\/39005","targetHints":{"allow":["GET"]}}],"collection":[{"href":"https:\/\/fireflyin.org\/ht\/wp-json\/wp\/v2\/posts"}],"about":[{"href":"https:\/\/fireflyin.org\/ht\/wp-json\/wp\/v2\/types\/post"}],"author":[{"embeddable":true,"href":"https:\/\/fireflyin.org\/ht\/wp-json\/wp\/v2\/users\/19"}],"replies":[{"embeddable":true,"href":"https:\/\/fireflyin.org\/ht\/wp-json\/wp\/v2\/comments?post=39005"}],"version-history":[{"count":0,"href":"https:\/\/fireflyin.org\/ht\/wp-json\/wp\/v2\/posts\/39005\/revisions"}],"wp:attachment":[{"href":"https:\/\/fireflyin.org\/ht\/wp-json\/wp\/v2\/media?parent=39005"}],"wp:term":[{"taxonomy":"category","embeddable":true,"href":"https:\/\/fireflyin.org\/ht\/wp-json\/wp\/v2\/categories?post=39005"},{"taxonomy":"post_tag","embeddable":true,"href":"https:\/\/fireflyin.org\/ht\/wp-json\/wp\/v2\/tags?post=39005"}],"curies":[{"name":"wp","href":"https:\/\/api.w.org\/{rel}","templated":true}]}}