{"id":23756,"date":"2023-12-12T08:52:40","date_gmt":"2023-12-12T13:52:40","guid":{"rendered":"https:\/\/fireflyin.org\/?p=23756"},"modified":"2025-02-25T12:04:47","modified_gmt":"2025-02-25T17:04:47","slug":"kris-corner-connecting-with-biological-family-through-food","status":"publish","type":"post","link":"https:\/\/fireflyin.org\/ht\/resources\/news-library\/kris-corner-connecting-with-biological-family-through-food\/","title":{"rendered":"Kris&#039; Corner \u2013 Konekte ak fanmi byolojik atrav\u00e8 manje"},"content":{"rendered":"<p>Se konsa, p\u00f2s sa a ta ka yon ti kras pi kout pase n\u00f2mal ... pou de rezon: li nan jou ferye yo ak moun yo okipe epi pwobableman pa anpil nan nou si ou vle chita epi li yon p\u00f2s blog long.<\/p>\n<p>E dezyenmman, sa ki mon pou sijere se assez senp e senp.<\/p>\n<p>Koulye a, mwen konnen ke, pou k\u00e8k nan nou, ou gen ti kras oswa pa gen okenn kontak ditou ak fanmi byolojik. Apre sa, mwen konpl\u00e8tman konprann sa. Pa gen anyen ke ou kapab, oswa ou pa ka f\u00e8. Se tout nan janm yo. Men, pou moun nan nou ki gen kontak, oswa omwen gen yon travay\u00e8 nan ka Firefly oswa travay\u00e8 dosye DCS oswa yon sip\u00e8viz\u00e8 vizit ki vle epi ki kapab pataje mesaj oswa atik ant ou de, sa a se pou ou.<\/p>\n<p>Se konsa, sa mwen vle pale sou (yon ti tan) jodi a se f\u00e8 koneksyon ak fanmi byolojik pandan jou ferye yo ... l\u00e8 li an sekirite ak an sante pou timoun nan.<\/p>\n<p>Koulye a, mwen s\u00e8ten ke ou tout te tande pale sou lide pou kons\u00e8ve pou yon nav\u00e8t oswa de ke pitit ou a f\u00e8 nan lek\u00f2l la bay fanmi byolojik la, espesyalman nan jou ferye ak sa yo. Epi sa se yon gwo lide. Foto yo, kopi l\u00e8t bay Santa, tout atizana anprent men sa yo, elatriye.<\/p>\n<p>Men, yon bagay mwen jis li d\u00e8ny\u00e8man te pale sou memwa yo ke s\u00e8ten manje evoke. Fanmi mwen ak mwen p\u00e8son\u00e8lman gen anpil souvni ki mare ak manje ak jou ferye, kidonk li f\u00e8 sans ke l\u00f2t moun ta gen menm kalite souvni debaz. Pou mwen, Katriy\u00e8m Jiy\u00e8 a ale men nan men ak kr\u00e8m glase vaniy endij\u00e8n; endij\u00e8n sir\u00e8t Turtle toujou kriye Nw\u00e8l; ak bonbon Thanksgiving ak mincemeat jis pa ka separe. Koulye a, dapre d\u00e8nye egzanp sa a ... Mwen pa di mwen RENMEN bonbon filange, men grann mwen te toujou f\u00e8 yo pou Thanksgiving Se konsa, mwen egalize de yo ansanm.<\/p>\n<p>Se pout\u00e8t sa mwen di ou sa ki ta ka sanble enf\u00f2masyon initil sou t\u00e8t mwen: Sa mwen li te montre ke byen pet\u00e8t yon pati nan chagren ke fanmi byolojik ak timoun yo santi nan jou ferye yo se ke yo pa selebre jan yo te f\u00e8. nan ane ki sot pase yo ... ak s\u00e8ten asy\u00e8t manje pafwa mare nan sa.<\/p>\n<p>Mwen pa konnen sou ou men manje konf\u00f2 tr\u00e8 enp\u00f2tan pou mwen. Se pa ke mwen te janm chwazi ki ev\u00e8nman fanmi yo ale nan ki baze sou ki moun ki pral gen pi bon manje nan konf\u00f2, men li te bat alantou nan diskisyon yo.<\/p>\n<p>Se konsa, sa te di, kisa sa ta sanble si paran adoptif mande fanmi byolojik yon timoun pou youn (oswa plis res\u00e8t) ke yo (paran yo oswa granparan) swa te jwi l\u00e8 yo timoun yo, oswa yon bagay yo te toujou f\u00e8 pou pitit yo ki nan kounye a. swen. (Apre sa, si yo mande pou li, paran adoptif yo ka ba yo yon res\u00e8t ke pitit yo ap jwi sezon sa a).<\/p>\n<p>Ak ki jan li ta potansy\u00e8lman gen sans pou yon paran nesans konnen ke non s\u00e8lman yo ap jwi tat p\u00f2m yo renmen genyen pandan sezon f\u00e8t la, men pitit yo tou ... men s\u00e8lman paske paran adoptif yo te pran tan pou mande.<\/p>\n<p>Epi sou l\u00f2t b\u00f2 a: pitit yo ap tou jwi bonbon farin avw\u00e0n chip chokola epi yo tou, paske fanmi adoptif la pataje res\u00e8t yo av\u00e8k yo.<\/p>\n<p>Se konsa, nan yon ef\u00f2 yo teste sa a soti anvan mwen sijere li bay nou tout ... Mwen p\u00e8son\u00e8lman te f\u00e8 sa a t\u00e8t mwen jis sem\u00e8n ki sot pase a. Koulye a, mwen pa t &#039;jwenn yon res\u00e8t akty\u00e8l, jan mwen te espere, men tou, pa te f\u00f2 anpil sezi (ki se PA yon kritik sou li, men mwen di ou f\u00e8 pwen an ke ou pa gen akty\u00e8lman gen yon res\u00e8t. pou f\u00e8 koneksyon sa a rive). Menmsi mwen pa t jwenn yon res\u00e8t, manman pitit gason m nan te kapab di m kisa yo te toujou manje pandan jou ferye yo. Li se cheesecake cherry, te achte nan boutik la.<\/p>\n<p>Koulye a, si ou konnen m &#039;ditou, ou konnen mwen renmen fwi ak mwen renmen des\u00e8 men mwen pa renmen fwi nan des\u00e8 mwen an konsa on\u00e8tman, lide a nan yon gato fwomaj seriz f\u00e8 lestomak mwen vire yon ti kras.<\/p>\n<p>Men, pl\u00e8zantri sou kote, mwen konprann ke sa a se pa sou mwen; sa a se sou pitit mwen an ak fanmi li f\u00e8t. E menm si li pa janm gen cheesecake cherry (av\u00e8k manman nesans li oswa otreman), konnen ke se yon bagay li jwi nan Nw\u00e8l la ta ka ede f\u00e8 koneksyon sa a ant de nan yo.<\/p>\n<p>L\u00f2t bagay li mansyone yo, mwen pwobableman pral f\u00e8: boul\u00e8t ak babekyou ak jele nan crockpot la, ak bonbon manba. Sa yo totalman posib, e mwen s\u00e8ten pitit mwen an ta renmen yo. Li ta ka renmen gato fwomaj la tou, men mwen pa s\u00e8ten nan pwen sa a nou bezwen f\u00e8 tout twa ... li te retire k\u00f2m yon tibebe epi li pa janm manje nenp\u00f2t nan sa yo av\u00e8 l &#039;, kidonk li pa ta gen sa yo &quot;souvni manje&quot;.<\/p>\n<p>Epi ank\u00f2...piske mwen pa gen res\u00e8t pou okenn nan yo, mwen pral s\u00e8vi ak Pinterest epi mwen espere ke mwen jwenn yon apwoksimasyon sere. Res\u00e8t la se pa rey\u00e8lman pwen an ... li nan lide a nan li, ak sa ef\u00f2 a f\u00e8 pou relasyon an.<\/p>\n<p>Nenp\u00f2t fason, mwen jis te vle mete sa dey\u00f2 k\u00f2m manje pou reflechi, jw\u00e8t ki gen entansyon, ke k\u00e8k s\u00f2t de res\u00e8t (oswa omwen yon lis manje pi renmen jou ferye) ta ka yon fason pou ede f\u00e8 yon koneksyon ant fanmi ou ak pitit ou a. fanmi orijin, osi byen ke ant oumenm ak pitit adoptif ou a; omwen, ou ta ka bay li yon toubiyon epi w\u00e8 sa k ap pase.<\/p>\n<p>Sens\u00e8man,<\/p>\n<p>Kris<\/p>","protected":false},"excerpt":{"rendered":"<p>So this post might be a little shorter than normal\u2026 for two reasons: it\u2019s the holidays and people are busy and probably not very many of you if you want to sit down and read a long blog post. And secondly, what I have to suggest is fairly simple and straightforward. Now I know that, [&hellip;]<\/p>\n","protected":false},"author":19,"featured_media":0,"comment_status":"open","ping_status":"open","sticky":false,"template":"","format":"standard","meta":{"_et_pb_use_builder":"","_et_pb_old_content":"","_et_gb_content_width":"","footnotes":""},"categories":[10],"tags":[],"class_list":["post-23756","post","type-post","status-publish","format-standard","hentry","category-kriss-corner"],"yoast_head":"<!-- This site is optimized with the Yoast SEO plugin v27.4 - https:\/\/yoast.com\/product\/yoast-seo-wordpress\/ -->\n<title>Kris&#039; Corner - Connecting with Biological Family Through Food - Firefly Children and Family Alliance<\/title>\n<meta name=\"robots\" content=\"index, follow, max-snippet:-1, max-image-preview:large, max-video-preview:-1\" \/>\n<link rel=\"canonical\" href=\"https:\/\/fireflyin.org\/ht\/resources\/news-library\/kris-corner-connecting-with-biological-family-through-food\/\" \/>\n<meta property=\"og:locale\" content=\"ht_HT\" \/>\n<meta property=\"og:type\" content=\"article\" \/>\n<meta property=\"og:title\" content=\"Kris&#039; Corner - Connecting with Biological Family Through Food - Firefly Children and Family Alliance\" \/>\n<meta property=\"og:description\" content=\"So this post might be a little shorter than normal\u2026 for two reasons: it\u2019s the holidays and people are busy and probably not very many of you if you want to sit down and read a long blog post. And secondly, what I have to suggest is fairly simple and straightforward. Now I know that, [&hellip;]\" \/>\n<meta property=\"og:url\" content=\"https:\/\/fireflyin.org\/ht\/resources\/news-library\/kris-corner-connecting-with-biological-family-through-food\/\" \/>\n<meta property=\"og:site_name\" content=\"Firefly Children and Family Alliance\" \/>\n<meta property=\"article:published_time\" content=\"2023-12-12T13:52:40+00:00\" \/>\n<meta property=\"article:modified_time\" content=\"2025-02-25T17:04:47+00:00\" \/>\n<meta name=\"author\" content=\"Firefly Children and Family Alliance\" \/>\n<meta name=\"twitter:card\" content=\"summary_large_image\" \/>\n<meta name=\"twitter:label1\" content=\"Written by\" \/>\n\t<meta name=\"twitter:data1\" content=\"Firefly Children and Family Alliance\" \/>\n\t<meta name=\"twitter:label2\" content=\"Est. reading time\" \/>\n\t<meta name=\"twitter:data2\" content=\"5 minutes\" \/>\n<script type=\"application\/ld+json\" class=\"yoast-schema-graph\">{\"@context\":\"https:\\\/\\\/schema.org\",\"@graph\":[{\"@type\":\"Article\",\"@id\":\"https:\\\/\\\/fireflyin.org\\\/resources\\\/news-library\\\/kris-corner-connecting-with-biological-family-through-food\\\/#article\",\"isPartOf\":{\"@id\":\"https:\\\/\\\/fireflyin.org\\\/resources\\\/news-library\\\/kris-corner-connecting-with-biological-family-through-food\\\/\"},\"author\":{\"name\":\"Firefly Children and Family Alliance\",\"@id\":\"https:\\\/\\\/fireflyin.org\\\/#\\\/schema\\\/person\\\/4a0a717d05ab7bca77c74ce89ec295bf\"},\"headline\":\"Kris&#8217; Corner &#8211; Connecting with Biological Family Through Food\",\"datePublished\":\"2023-12-12T13:52:40+00:00\",\"dateModified\":\"2025-02-25T17:04:47+00:00\",\"mainEntityOfPage\":{\"@id\":\"https:\\\/\\\/fireflyin.org\\\/resources\\\/news-library\\\/kris-corner-connecting-with-biological-family-through-food\\\/\"},\"wordCount\":972,\"commentCount\":0,\"articleSection\":[\"Kris' Corner\"],\"inLanguage\":\"ht\"},{\"@type\":\"WebPage\",\"@id\":\"https:\\\/\\\/fireflyin.org\\\/resources\\\/news-library\\\/kris-corner-connecting-with-biological-family-through-food\\\/\",\"url\":\"https:\\\/\\\/fireflyin.org\\\/resources\\\/news-library\\\/kris-corner-connecting-with-biological-family-through-food\\\/\",\"name\":\"Kris' Corner - Connecting with Biological Family Through Food - Firefly Children and Family Alliance\",\"isPartOf\":{\"@id\":\"https:\\\/\\\/fireflyin.org\\\/#website\"},\"datePublished\":\"2023-12-12T13:52:40+00:00\",\"dateModified\":\"2025-02-25T17:04:47+00:00\",\"author\":{\"@id\":\"https:\\\/\\\/fireflyin.org\\\/#\\\/schema\\\/person\\\/4a0a717d05ab7bca77c74ce89ec295bf\"},\"breadcrumb\":{\"@id\":\"https:\\\/\\\/fireflyin.org\\\/resources\\\/news-library\\\/kris-corner-connecting-with-biological-family-through-food\\\/#breadcrumb\"},\"inLanguage\":\"ht\",\"potentialAction\":[{\"@type\":\"ReadAction\",\"target\":[\"https:\\\/\\\/fireflyin.org\\\/resources\\\/news-library\\\/kris-corner-connecting-with-biological-family-through-food\\\/\"]}]},{\"@type\":\"BreadcrumbList\",\"@id\":\"https:\\\/\\\/fireflyin.org\\\/resources\\\/news-library\\\/kris-corner-connecting-with-biological-family-through-food\\\/#breadcrumb\",\"itemListElement\":[{\"@type\":\"ListItem\",\"position\":1,\"name\":\"Home\",\"item\":\"https:\\\/\\\/fireflyin.org\\\/\"},{\"@type\":\"ListItem\",\"position\":2,\"name\":\"Kris&#8217; Corner &#8211; Connecting with Biological Family Through Food\"}]},{\"@type\":\"WebSite\",\"@id\":\"https:\\\/\\\/fireflyin.org\\\/#website\",\"url\":\"https:\\\/\\\/fireflyin.org\\\/\",\"name\":\"Firefly Children and Family Alliance\",\"description\":\"foster parents impact, foster kids, foster parents needed, a foster parent&#039;s role\",\"potentialAction\":[{\"@type\":\"SearchAction\",\"target\":{\"@type\":\"EntryPoint\",\"urlTemplate\":\"https:\\\/\\\/fireflyin.org\\\/?s={search_term_string}\"},\"query-input\":{\"@type\":\"PropertyValueSpecification\",\"valueRequired\":true,\"valueName\":\"search_term_string\"}}],\"inLanguage\":\"ht\"},{\"@type\":\"Person\",\"@id\":\"https:\\\/\\\/fireflyin.org\\\/#\\\/schema\\\/person\\\/4a0a717d05ab7bca77c74ce89ec295bf\",\"name\":\"Firefly Children and Family Alliance\",\"image\":{\"@type\":\"ImageObject\",\"inLanguage\":\"ht\",\"@id\":\"https:\\\/\\\/secure.gravatar.com\\\/avatar\\\/05d76712c41f02a8e2d8f22346b1a85e7f00cb4436efc2fa6670ee39129fd71b?s=96&d=mm&r=g\",\"url\":\"https:\\\/\\\/secure.gravatar.com\\\/avatar\\\/05d76712c41f02a8e2d8f22346b1a85e7f00cb4436efc2fa6670ee39129fd71b?s=96&d=mm&r=g\",\"contentUrl\":\"https:\\\/\\\/secure.gravatar.com\\\/avatar\\\/05d76712c41f02a8e2d8f22346b1a85e7f00cb4436efc2fa6670ee39129fd71b?s=96&d=mm&r=g\",\"caption\":\"Firefly Children and Family Alliance\"},\"url\":\"https:\\\/\\\/fireflyin.org\\\/ht\\\/resources\\\/news-library\\\/author\\\/firefly-children-and-family-alliance\\\/\"}]}<\/script>\n<!-- \/ Yoast SEO plugin. -->","yoast_head_json":{"title":"Kris' Corner - Connecting with Biological Family Through Food - Firefly Children and Family Alliance","robots":{"index":"index","follow":"follow","max-snippet":"max-snippet:-1","max-image-preview":"max-image-preview:large","max-video-preview":"max-video-preview:-1"},"canonical":"https:\/\/fireflyin.org\/ht\/resources\/news-library\/kris-corner-connecting-with-biological-family-through-food\/","og_locale":"ht_HT","og_type":"article","og_title":"Kris' Corner - Connecting with Biological Family Through Food - Firefly Children and Family Alliance","og_description":"So this post might be a little shorter than normal\u2026 for two reasons: it\u2019s the holidays and people are busy and probably not very many of you if you want to sit down and read a long blog post. And secondly, what I have to suggest is fairly simple and straightforward. Now I know that, [&hellip;]","og_url":"https:\/\/fireflyin.org\/ht\/resources\/news-library\/kris-corner-connecting-with-biological-family-through-food\/","og_site_name":"Firefly Children and Family Alliance","article_published_time":"2023-12-12T13:52:40+00:00","article_modified_time":"2025-02-25T17:04:47+00:00","author":"Firefly Children and Family Alliance","twitter_card":"summary_large_image","twitter_misc":{"Written by":"Firefly Children and Family Alliance","Est. reading time":"5 minutes"},"schema":{"@context":"https:\/\/schema.org","@graph":[{"@type":"Article","@id":"https:\/\/fireflyin.org\/resources\/news-library\/kris-corner-connecting-with-biological-family-through-food\/#article","isPartOf":{"@id":"https:\/\/fireflyin.org\/resources\/news-library\/kris-corner-connecting-with-biological-family-through-food\/"},"author":{"name":"Firefly Children and Family Alliance","@id":"https:\/\/fireflyin.org\/#\/schema\/person\/4a0a717d05ab7bca77c74ce89ec295bf"},"headline":"Kris&#8217; Corner &#8211; Connecting with Biological Family Through Food","datePublished":"2023-12-12T13:52:40+00:00","dateModified":"2025-02-25T17:04:47+00:00","mainEntityOfPage":{"@id":"https:\/\/fireflyin.org\/resources\/news-library\/kris-corner-connecting-with-biological-family-through-food\/"},"wordCount":972,"commentCount":0,"articleSection":["Kris' Corner"],"inLanguage":"ht"},{"@type":"WebPage","@id":"https:\/\/fireflyin.org\/resources\/news-library\/kris-corner-connecting-with-biological-family-through-food\/","url":"https:\/\/fireflyin.org\/resources\/news-library\/kris-corner-connecting-with-biological-family-through-food\/","name":"Kris' Corner - Connecting with Biological Family Through Food - Firefly Children and Family Alliance","isPartOf":{"@id":"https:\/\/fireflyin.org\/#website"},"datePublished":"2023-12-12T13:52:40+00:00","dateModified":"2025-02-25T17:04:47+00:00","author":{"@id":"https:\/\/fireflyin.org\/#\/schema\/person\/4a0a717d05ab7bca77c74ce89ec295bf"},"breadcrumb":{"@id":"https:\/\/fireflyin.org\/resources\/news-library\/kris-corner-connecting-with-biological-family-through-food\/#breadcrumb"},"inLanguage":"ht","potentialAction":[{"@type":"ReadAction","target":["https:\/\/fireflyin.org\/resources\/news-library\/kris-corner-connecting-with-biological-family-through-food\/"]}]},{"@type":"BreadcrumbList","@id":"https:\/\/fireflyin.org\/resources\/news-library\/kris-corner-connecting-with-biological-family-through-food\/#breadcrumb","itemListElement":[{"@type":"ListItem","position":1,"name":"Home","item":"https:\/\/fireflyin.org\/"},{"@type":"ListItem","position":2,"name":"Kris&#8217; Corner &#8211; Connecting with Biological Family Through Food"}]},{"@type":"WebSite","@id":"https:\/\/fireflyin.org\/#website","url":"https:\/\/fireflyin.org\/","name":"Koukouy Timoun ak Fanmi Alliance","description":"enpak paran adoptif, timoun adoptif, paran adoptif bezwen, w\u00f2l yon paran adoptif&#039;","potentialAction":[{"@type":"SearchAction","target":{"@type":"EntryPoint","urlTemplate":"https:\/\/fireflyin.org\/?s={search_term_string}"},"query-input":{"@type":"PropertyValueSpecification","valueRequired":true,"valueName":"search_term_string"}}],"inLanguage":"ht"},{"@type":"Person","@id":"https:\/\/fireflyin.org\/#\/schema\/person\/4a0a717d05ab7bca77c74ce89ec295bf","name":"Koukouy Timoun ak Fanmi Alliance","image":{"@type":"ImageObject","inLanguage":"ht","@id":"https:\/\/secure.gravatar.com\/avatar\/05d76712c41f02a8e2d8f22346b1a85e7f00cb4436efc2fa6670ee39129fd71b?s=96&d=mm&r=g","url":"https:\/\/secure.gravatar.com\/avatar\/05d76712c41f02a8e2d8f22346b1a85e7f00cb4436efc2fa6670ee39129fd71b?s=96&d=mm&r=g","contentUrl":"https:\/\/secure.gravatar.com\/avatar\/05d76712c41f02a8e2d8f22346b1a85e7f00cb4436efc2fa6670ee39129fd71b?s=96&d=mm&r=g","caption":"Firefly Children and Family Alliance"},"url":"https:\/\/fireflyin.org\/ht\/resources\/news-library\/author\/firefly-children-and-family-alliance\/"}]}},"_links":{"self":[{"href":"https:\/\/fireflyin.org\/ht\/wp-json\/wp\/v2\/posts\/23756","targetHints":{"allow":["GET"]}}],"collection":[{"href":"https:\/\/fireflyin.org\/ht\/wp-json\/wp\/v2\/posts"}],"about":[{"href":"https:\/\/fireflyin.org\/ht\/wp-json\/wp\/v2\/types\/post"}],"author":[{"embeddable":true,"href":"https:\/\/fireflyin.org\/ht\/wp-json\/wp\/v2\/users\/19"}],"replies":[{"embeddable":true,"href":"https:\/\/fireflyin.org\/ht\/wp-json\/wp\/v2\/comments?post=23756"}],"version-history":[{"count":0,"href":"https:\/\/fireflyin.org\/ht\/wp-json\/wp\/v2\/posts\/23756\/revisions"}],"wp:attachment":[{"href":"https:\/\/fireflyin.org\/ht\/wp-json\/wp\/v2\/media?parent=23756"}],"wp:term":[{"taxonomy":"category","embeddable":true,"href":"https:\/\/fireflyin.org\/ht\/wp-json\/wp\/v2\/categories?post=23756"},{"taxonomy":"post_tag","embeddable":true,"href":"https:\/\/fireflyin.org\/ht\/wp-json\/wp\/v2\/tags?post=23756"}],"curies":[{"name":"wp","href":"https:\/\/api.w.org\/{rel}","templated":true}]}}