{"id":9015,"date":"2020-12-10T20:41:00","date_gmt":"2020-12-10T20:41:00","guid":{"rendered":"https:\/\/www.childrensbureau.org\/?p=9015"},"modified":"2025-02-25T12:06:21","modified_gmt":"2025-02-25T17:06:21","slug":"kris-corner-christmas-in-foster-care","status":"publish","type":"post","link":"https:\/\/fireflyin.org\/fr\/resources\/news-library\/kris-corner-christmas-in-foster-care\/","title":{"rendered":"Kris&#039; Corner \u2013 No\u00ebl en famille d&#039;accueil"},"content":{"rendered":"<p>Je sais que dans un article pr\u00e9c\u00e9dent, j&#039;ai discut\u00e9 de la fa\u00e7on de passer les vacances avec mes parents biologiques. Maintenant, j&#039;aimerais en fait exprimer quelques r\u00e9flexions concernant les vacances en ce qui concerne les enfants plac\u00e9s eux-m\u00eames.<\/p>\n<p>Cette ann\u00e9e, \u00e9tant donn\u00e9 ce qu\u2019elle est, nous n\u2019aurons peut-\u00eatre pas tous les grandes r\u00e9unions de famille que nous avons eues dans le pass\u00e9. Donc, ce n\u2019est peut-\u00eatre pas vraiment un probl\u00e8me. Cependant, je vais aborder cette question comme s&#039;il s&#039;agissait d&#039;une ann\u00e9e typique.<\/p>\n<p>Les vacances sont difficiles pour beaucoup de gens, mais surtout pour les enfants plac\u00e9s. Ils ne sont pas avec leur famille biologique. Pouvez-vous m\u00eame imaginer ce que cela doit ressentir\u2026 d&#039;\u00eatre loin du confort de la maison\u00a0? Comme nous l&#039;avons mentionn\u00e9 pr\u00e9c\u00e9demment, s&#039;\u00e9loigner de ce qui est normal est tr\u00e8s troublant et bouleversant, m\u00eame si cette normalit\u00e9 n&#039;est pas saine.<\/p>\n<p>Pour aggraver les choses, les enfants plac\u00e9s vivent peut-\u00eatre avec une famille qui ne sait pas quoi faire en ce qui concerne les vacances. La famille d&#039;accueil pourrait penser \u00e0 des choses telles que\u00a0:<\/p>\n<ul>\n<li>Devons-nous inclure les enfants adoptifs dans les photos de famille\u00a0?<\/li>\n<li>Leur achetons-nous le m\u00eame nombre de cadeaux que nos enfants biologiques ?<\/li>\n<li>D\u00e9pensons-nous le m\u00eame montant pour chaque enfant accueilli ?<\/li>\n<li>Devons-nous d\u00e9penser notre propre argent au-del\u00e0 de ce que le DCS et le Bureau de l&#039;enfance nous remboursent\u00a0?<\/li>\n<li>Comment notre famille \u00e9largie g\u00e8re-t-elle l\u2019achat de cadeaux (et toutes les autres \u00ab activit\u00e9s de vacances \u00bb)\u00a0?<\/li>\n<li>Est-il acceptable que notre famille \u00e9largie ach\u00e8te des cadeaux pour nos enfants biologiques, mais pas pour nos enfants adoptifs\u00a0?<\/li>\n<li>Ou peuvent-ils \u00e9videmment \u00ab faire des \u00e9conomies \u00bb sur les enfants plac\u00e9s en famille d&#039;accueil \u00ab parce que cela n&#039;a pas d&#039;importance\u2026 ce ne sont pas vraiment nos enfants \u00bb ?<\/li>\n<li>Comment g\u00e9rer toutes ces choses (et bien plus encore)\u00a0?<\/li>\n<\/ul>\n<p>En lisant ces questions, vous pouvez probablement deviner ce que je vais dire ensuite. Et si vous ne pouvez pas, vous \u00eates peut-\u00eatre nouveau sur mon blog.<\/p>\n<p>Les enfants dont vous avez la garde doivent \u00eatre trait\u00e9s comme s\u2019ils \u00e9taient vos enfants. Parce qu&#039;au moins pendant cette p\u00e9riode\u2026 ce sont vos enfants. Ils doivent \u00eatre trait\u00e9s avec le m\u00eame amour, le m\u00eame soin, la m\u00eame compassion et le m\u00eame respect que tout enfant qui est l\u00e9galement le v\u00f4tre pour toujours. Ainsi, si vous d\u00e9pensez un certain montant pour chaque enfant, ce montant devrait \u00e9galement \u00eatre d\u00e9pens\u00e9 pour l\u2019enfant plac\u00e9 en famille d\u2019accueil. Cela peut signifier d\u00e9penser de votre poche en cadeaux (au-del\u00e0 de ce que remboursent le DCS et le Bureau de l&#039;enfance) ou r\u00e9duire ce que vous d\u00e9pensez en produits biologiques.<\/p>\n<p>Je sais que la prochaine chose pourrait \u00eatre tr\u00e8s d\u00e9licate, mais je vais le dire quand m\u00eame\u00a0; la famille \u00e9largie devrait faire de m\u00eame. S&#039;ils ont du mal \u00e0 accepter ce concept, pour rendre les choses \u00e9gales, alors peut-\u00eatre que vous, en tant que parents, devriez leur dire de ne pas se donner la peine d&#039;acheter des cadeaux.<\/p>\n<p>Aie. Mais je continue\u2026<\/p>\n<p>Il est plus que probable que vos enfants biologiques se porteront bien sans les dons de la famille \u00e9largie. Par-dessus tout, et plus important encore, vous aurez sauv\u00e9 le respect et \u00e9vit\u00e9 les dommages \u00e9motionnels de vos enfants adoptifs.<\/p>\n<p>Si vous avez des traditions de No\u00ebl en famille, incluez les enfants adoptifs ; m\u00eame si c&#039;est difficile et que cela vous co\u00fbte de l&#039;argent. Demandez-vous si cela vaut la peine de sacrifier l&#039;enfant \u00e9motionnellement parce que vous ne voulez pas vous en soucier ou si vous ne voulez pas d\u00e9penser d&#039;argent ?<\/p>\n<p>Je sais que cela semble dur. Mais je ne le publierais pas si je ne l\u2019avais pas vu de mes propres yeux.<\/p>\n<p>Enfin, incluez-les toujours dans les images. Pendant cette p\u00e9riode, au m\u00eame titre que les cadeaux, incluez-les dans les photos. Ils font partie de votre famille\u00a0; m\u00eame si ce n&#039;est pas pour toujours. Pouvez-vous imaginer l\u2019embarras qu\u2019ils ressentiraient en cas d\u2019exclusion ?<\/p>\n<p>Ils constituent votre famille et doivent \u00eatre trait\u00e9s comme tels.<\/p>\n<p>Sinc\u00e8rement,<\/p>\n<p>Kris<\/p>","protected":false},"excerpt":{"rendered":"<p>I know in a previous post I discussed navigating the holidays with biological parents. Now, I\u2019d actually like to put some thoughts down regarding the holidays in terms of the foster kids themselves. This year, being what it is, we might not all have the large family gatherings that we have had in the past. [&hellip;]<\/p>\n","protected":false},"author":19,"featured_media":0,"comment_status":"closed","ping_status":"open","sticky":false,"template":"","format":"standard","meta":{"_et_pb_use_builder":"","_et_pb_old_content":"","_et_gb_content_width":"","footnotes":""},"categories":[10],"tags":[],"class_list":["post-9015","post","type-post","status-publish","format-standard","hentry","category-kriss-corner"],"yoast_head":"<!-- This site is optimized with the Yoast SEO plugin v27.5 - https:\/\/yoast.com\/product\/yoast-seo-wordpress\/ -->\n<title>Kris&#039; Corner - Christmas in Foster Care - Firefly Children and Family Alliance<\/title>\n<meta name=\"robots\" content=\"index, follow, max-snippet:-1, max-image-preview:large, max-video-preview:-1\" \/>\n<link rel=\"canonical\" href=\"https:\/\/fireflyin.org\/fr\/resources\/news-library\/kris-corner-christmas-in-foster-care\/\" \/>\n<meta property=\"og:locale\" content=\"fr_FR\" \/>\n<meta property=\"og:type\" content=\"article\" \/>\n<meta property=\"og:title\" content=\"Kris&#039; Corner - Christmas in Foster Care - Firefly Children and Family Alliance\" \/>\n<meta property=\"og:description\" content=\"I know in a previous post I discussed navigating the holidays with biological parents. Now, I\u2019d actually like to put some thoughts down regarding the holidays in terms of the foster kids themselves. This year, being what it is, we might not all have the large family gatherings that we have had in the past. [&hellip;]\" \/>\n<meta property=\"og:url\" content=\"https:\/\/fireflyin.org\/fr\/resources\/news-library\/kris-corner-christmas-in-foster-care\/\" \/>\n<meta property=\"og:site_name\" content=\"Firefly Children and Family Alliance\" \/>\n<meta property=\"article:published_time\" content=\"2020-12-10T20:41:00+00:00\" \/>\n<meta property=\"article:modified_time\" content=\"2025-02-25T17:06:21+00:00\" \/>\n<meta name=\"author\" content=\"Firefly Children and Family Alliance\" \/>\n<meta name=\"twitter:card\" content=\"summary_large_image\" \/>\n<meta name=\"twitter:label1\" content=\"\u00c9crit par\" \/>\n\t<meta name=\"twitter:data1\" content=\"Firefly Children and Family Alliance\" \/>\n\t<meta name=\"twitter:label2\" content=\"Dur\u00e9e de lecture estim\u00e9e\" \/>\n\t<meta name=\"twitter:data2\" content=\"3 minutes\" \/>\n<script type=\"application\/ld+json\" class=\"yoast-schema-graph\">{\"@context\":\"https:\\\/\\\/schema.org\",\"@graph\":[{\"@type\":\"Article\",\"@id\":\"https:\\\/\\\/fireflyin.org\\\/resources\\\/news-library\\\/kris-corner-christmas-in-foster-care\\\/#article\",\"isPartOf\":{\"@id\":\"https:\\\/\\\/fireflyin.org\\\/resources\\\/news-library\\\/kris-corner-christmas-in-foster-care\\\/\"},\"author\":{\"name\":\"Firefly Children and Family Alliance\",\"@id\":\"https:\\\/\\\/fireflyin.org\\\/#\\\/schema\\\/person\\\/4a0a717d05ab7bca77c74ce89ec295bf\"},\"headline\":\"Kris&#8217; Corner &#8211; Christmas in Foster Care\",\"datePublished\":\"2020-12-10T20:41:00+00:00\",\"dateModified\":\"2025-02-25T17:06:21+00:00\",\"mainEntityOfPage\":{\"@id\":\"https:\\\/\\\/fireflyin.org\\\/resources\\\/news-library\\\/kris-corner-christmas-in-foster-care\\\/\"},\"wordCount\":643,\"articleSection\":[\"Kris' Corner\"],\"inLanguage\":\"fr-FR\"},{\"@type\":\"WebPage\",\"@id\":\"https:\\\/\\\/fireflyin.org\\\/resources\\\/news-library\\\/kris-corner-christmas-in-foster-care\\\/\",\"url\":\"https:\\\/\\\/fireflyin.org\\\/resources\\\/news-library\\\/kris-corner-christmas-in-foster-care\\\/\",\"name\":\"Kris' Corner - Christmas in Foster Care - Firefly Children and Family Alliance\",\"isPartOf\":{\"@id\":\"https:\\\/\\\/fireflyin.org\\\/#website\"},\"datePublished\":\"2020-12-10T20:41:00+00:00\",\"dateModified\":\"2025-02-25T17:06:21+00:00\",\"author\":{\"@id\":\"https:\\\/\\\/fireflyin.org\\\/#\\\/schema\\\/person\\\/4a0a717d05ab7bca77c74ce89ec295bf\"},\"breadcrumb\":{\"@id\":\"https:\\\/\\\/fireflyin.org\\\/resources\\\/news-library\\\/kris-corner-christmas-in-foster-care\\\/#breadcrumb\"},\"inLanguage\":\"fr-FR\",\"potentialAction\":[{\"@type\":\"ReadAction\",\"target\":[\"https:\\\/\\\/fireflyin.org\\\/resources\\\/news-library\\\/kris-corner-christmas-in-foster-care\\\/\"]}]},{\"@type\":\"BreadcrumbList\",\"@id\":\"https:\\\/\\\/fireflyin.org\\\/resources\\\/news-library\\\/kris-corner-christmas-in-foster-care\\\/#breadcrumb\",\"itemListElement\":[{\"@type\":\"ListItem\",\"position\":1,\"name\":\"Home\",\"item\":\"https:\\\/\\\/fireflyin.org\\\/\"},{\"@type\":\"ListItem\",\"position\":2,\"name\":\"Kris&#8217; Corner &#8211; Christmas in Foster Care\"}]},{\"@type\":\"WebSite\",\"@id\":\"https:\\\/\\\/fireflyin.org\\\/#website\",\"url\":\"https:\\\/\\\/fireflyin.org\\\/\",\"name\":\"Firefly Children and Family Alliance\",\"description\":\"foster parents impact, foster kids, foster parents needed, a foster parent&#039;s role\",\"potentialAction\":[{\"@type\":\"SearchAction\",\"target\":{\"@type\":\"EntryPoint\",\"urlTemplate\":\"https:\\\/\\\/fireflyin.org\\\/?s={search_term_string}\"},\"query-input\":{\"@type\":\"PropertyValueSpecification\",\"valueRequired\":true,\"valueName\":\"search_term_string\"}}],\"inLanguage\":\"fr-FR\"},{\"@type\":\"Person\",\"@id\":\"https:\\\/\\\/fireflyin.org\\\/#\\\/schema\\\/person\\\/4a0a717d05ab7bca77c74ce89ec295bf\",\"name\":\"Firefly Children and Family Alliance\",\"image\":{\"@type\":\"ImageObject\",\"inLanguage\":\"fr-FR\",\"@id\":\"https:\\\/\\\/secure.gravatar.com\\\/avatar\\\/05d76712c41f02a8e2d8f22346b1a85e7f00cb4436efc2fa6670ee39129fd71b?s=96&d=mm&r=g\",\"url\":\"https:\\\/\\\/secure.gravatar.com\\\/avatar\\\/05d76712c41f02a8e2d8f22346b1a85e7f00cb4436efc2fa6670ee39129fd71b?s=96&d=mm&r=g\",\"contentUrl\":\"https:\\\/\\\/secure.gravatar.com\\\/avatar\\\/05d76712c41f02a8e2d8f22346b1a85e7f00cb4436efc2fa6670ee39129fd71b?s=96&d=mm&r=g\",\"caption\":\"Firefly Children and Family Alliance\"},\"url\":\"https:\\\/\\\/fireflyin.org\\\/fr\\\/resources\\\/news-library\\\/author\\\/firefly-children-and-family-alliance\\\/\"}]}<\/script>\n<!-- \/ Yoast SEO plugin. -->","yoast_head_json":{"title":"Kris' Corner - Christmas in Foster Care - Firefly Children and Family Alliance","robots":{"index":"index","follow":"follow","max-snippet":"max-snippet:-1","max-image-preview":"max-image-preview:large","max-video-preview":"max-video-preview:-1"},"canonical":"https:\/\/fireflyin.org\/fr\/resources\/news-library\/kris-corner-christmas-in-foster-care\/","og_locale":"fr_FR","og_type":"article","og_title":"Kris' Corner - Christmas in Foster Care - Firefly Children and Family Alliance","og_description":"I know in a previous post I discussed navigating the holidays with biological parents. Now, I\u2019d actually like to put some thoughts down regarding the holidays in terms of the foster kids themselves. This year, being what it is, we might not all have the large family gatherings that we have had in the past. [&hellip;]","og_url":"https:\/\/fireflyin.org\/fr\/resources\/news-library\/kris-corner-christmas-in-foster-care\/","og_site_name":"Firefly Children and Family Alliance","article_published_time":"2020-12-10T20:41:00+00:00","article_modified_time":"2025-02-25T17:06:21+00:00","author":"Firefly Children and Family Alliance","twitter_card":"summary_large_image","twitter_misc":{"\u00c9crit par":"Firefly Children and Family Alliance","Dur\u00e9e de lecture estim\u00e9e":"3 minutes"},"schema":{"@context":"https:\/\/schema.org","@graph":[{"@type":"Article","@id":"https:\/\/fireflyin.org\/resources\/news-library\/kris-corner-christmas-in-foster-care\/#article","isPartOf":{"@id":"https:\/\/fireflyin.org\/resources\/news-library\/kris-corner-christmas-in-foster-care\/"},"author":{"name":"Firefly Children and Family Alliance","@id":"https:\/\/fireflyin.org\/#\/schema\/person\/4a0a717d05ab7bca77c74ce89ec295bf"},"headline":"Kris&#8217; Corner &#8211; Christmas in Foster Care","datePublished":"2020-12-10T20:41:00+00:00","dateModified":"2025-02-25T17:06:21+00:00","mainEntityOfPage":{"@id":"https:\/\/fireflyin.org\/resources\/news-library\/kris-corner-christmas-in-foster-care\/"},"wordCount":643,"articleSection":["Kris' Corner"],"inLanguage":"fr-FR"},{"@type":"WebPage","@id":"https:\/\/fireflyin.org\/resources\/news-library\/kris-corner-christmas-in-foster-care\/","url":"https:\/\/fireflyin.org\/resources\/news-library\/kris-corner-christmas-in-foster-care\/","name":"Kris' Corner - Christmas in Foster Care - Firefly Children and Family Alliance","isPartOf":{"@id":"https:\/\/fireflyin.org\/#website"},"datePublished":"2020-12-10T20:41:00+00:00","dateModified":"2025-02-25T17:06:21+00:00","author":{"@id":"https:\/\/fireflyin.org\/#\/schema\/person\/4a0a717d05ab7bca77c74ce89ec295bf"},"breadcrumb":{"@id":"https:\/\/fireflyin.org\/resources\/news-library\/kris-corner-christmas-in-foster-care\/#breadcrumb"},"inLanguage":"fr-FR","potentialAction":[{"@type":"ReadAction","target":["https:\/\/fireflyin.org\/resources\/news-library\/kris-corner-christmas-in-foster-care\/"]}]},{"@type":"BreadcrumbList","@id":"https:\/\/fireflyin.org\/resources\/news-library\/kris-corner-christmas-in-foster-care\/#breadcrumb","itemListElement":[{"@type":"ListItem","position":1,"name":"Home","item":"https:\/\/fireflyin.org\/"},{"@type":"ListItem","position":2,"name":"Kris&#8217; Corner &#8211; Christmas in Foster Care"}]},{"@type":"WebSite","@id":"https:\/\/fireflyin.org\/#website","url":"https:\/\/fireflyin.org\/","name":"Alliance des enfants et de la famille Firefly","description":"impact des parents d&#039;accueil, enfants en famille d&#039;accueil, parents d&#039;accueil n\u00e9cessaires, r\u00f4le d&#039;un parent d&#039;accueil","potentialAction":[{"@type":"SearchAction","target":{"@type":"EntryPoint","urlTemplate":"https:\/\/fireflyin.org\/?s={search_term_string}"},"query-input":{"@type":"PropertyValueSpecification","valueRequired":true,"valueName":"search_term_string"}}],"inLanguage":"fr-FR"},{"@type":"Person","@id":"https:\/\/fireflyin.org\/#\/schema\/person\/4a0a717d05ab7bca77c74ce89ec295bf","name":"Alliance des enfants et de la famille Firefly","image":{"@type":"ImageObject","inLanguage":"fr-FR","@id":"https:\/\/secure.gravatar.com\/avatar\/05d76712c41f02a8e2d8f22346b1a85e7f00cb4436efc2fa6670ee39129fd71b?s=96&d=mm&r=g","url":"https:\/\/secure.gravatar.com\/avatar\/05d76712c41f02a8e2d8f22346b1a85e7f00cb4436efc2fa6670ee39129fd71b?s=96&d=mm&r=g","contentUrl":"https:\/\/secure.gravatar.com\/avatar\/05d76712c41f02a8e2d8f22346b1a85e7f00cb4436efc2fa6670ee39129fd71b?s=96&d=mm&r=g","caption":"Firefly Children and Family Alliance"},"url":"https:\/\/fireflyin.org\/fr\/resources\/news-library\/author\/firefly-children-and-family-alliance\/"}]}},"_links":{"self":[{"href":"https:\/\/fireflyin.org\/fr\/wp-json\/wp\/v2\/posts\/9015","targetHints":{"allow":["GET"]}}],"collection":[{"href":"https:\/\/fireflyin.org\/fr\/wp-json\/wp\/v2\/posts"}],"about":[{"href":"https:\/\/fireflyin.org\/fr\/wp-json\/wp\/v2\/types\/post"}],"author":[{"embeddable":true,"href":"https:\/\/fireflyin.org\/fr\/wp-json\/wp\/v2\/users\/19"}],"replies":[{"embeddable":true,"href":"https:\/\/fireflyin.org\/fr\/wp-json\/wp\/v2\/comments?post=9015"}],"version-history":[{"count":0,"href":"https:\/\/fireflyin.org\/fr\/wp-json\/wp\/v2\/posts\/9015\/revisions"}],"wp:attachment":[{"href":"https:\/\/fireflyin.org\/fr\/wp-json\/wp\/v2\/media?parent=9015"}],"wp:term":[{"taxonomy":"category","embeddable":true,"href":"https:\/\/fireflyin.org\/fr\/wp-json\/wp\/v2\/categories?post=9015"},{"taxonomy":"post_tag","embeddable":true,"href":"https:\/\/fireflyin.org\/fr\/wp-json\/wp\/v2\/tags?post=9015"}],"curies":[{"name":"wp","href":"https:\/\/api.w.org\/{rel}","templated":true}]}}