{"id":18165,"date":"2023-08-22T12:31:30","date_gmt":"2023-08-22T16:31:30","guid":{"rendered":"https:\/\/fireflyin.org\/?p=18165"},"modified":"2025-02-25T12:04:48","modified_gmt":"2025-02-25T17:04:48","slug":"kris-corner-death-grief-and-loss","status":"publish","type":"post","link":"https:\/\/fireflyin.org\/fr\/resources\/news-library\/kris-corner-death-grief-and-loss\/","title":{"rendered":"Le coin de Kris \u2013 Mort, chagrin et perte"},"content":{"rendered":"<p>Donc, une chose que j\u2019ai \u00e9voqu\u00e9e pr\u00e9c\u00e9demment, mais que je n\u2019ai pas vraiment abord\u00e9e, est de marcher aux c\u00f4t\u00e9s d\u2019un enfant qui a v\u00e9cu un traumatisme suite \u00e0 la mort d\u2019un \u00eatre cher. Maintenant, pour \u00eatre clair, je ne suis pas encore pleinement sur ce chemin, mais je suis sur le point de le faire. Ma grand-m\u00e8re, qui a eu 100 ans plus t\u00f4t cette ann\u00e9e, est en train de mourir activement. Maintenant, vous pensez peut-\u00eatre : \u00ab Elle a 100 ans ? Dans quelle mesure votre plus jeune enfant (issu d\u2019un traumatisme) pourrait-il vraiment avoir beaucoup de liens avec elle\u00a0?\u00a0\u00bb<\/p>\n<p>Je suis s\u00fbr que vous seriez surpris. Elle \u00e9tait active jusqu\u2019\u00e0 il y a environ deux ou trois ans. La quarantaine Covid qui s\u2019est produite \u00e0 la maison de retraite lui a vraiment fait des ravages. Personnellement, elle n\u2019est jamais tomb\u00e9e malade, mais elle ne bougeait pas beaucoup. Elle se levait \u00e0 peine pour se promener, les repas \u00e9taient apport\u00e9s dans sa chambre, elle ne pouvait pas recevoir de visites. Et sa vision et son audition ne sont pas excellentes, donc elle ne pouvait pas vraiment parler au t\u00e9l\u00e9phone ou regarder la t\u00e9l\u00e9vision. Elle ne faisait donc pas d&#039;exercice, alors qu&#039;avant la quarantaine, elle devait parcourir une bonne distance \u00e0 pied depuis son appartement de r\u00e9sidence-services jusqu&#039;\u00e0 la salle \u00e0 manger.<\/p>\n<p>Apr\u00e8s le Covid, elle a rebondi du mieux qu\u2019elle a pu, mais n\u2019a jamais retrouv\u00e9 sa force physique et a d\u00fb s\u2019orienter il y a quelques ann\u00e9es vers une profession d\u2019infirmi\u00e8re qualifi\u00e9e. Mais son esprit restait tr\u00e8s vif. J&#039;emmenais notre plus jeune fils lui rendre visite une fois toutes les deux semaines. Nous emportions toujours un jeu avec nous et elle \u00e9tait toujours capable de jouer sans aucun probl\u00e8me\u2026 m\u00eame \u00e0 un nouveau jeu auquel elle n&#039;avait jamais jou\u00e9 auparavant.<\/p>\n<p>Certes, nous ne restions pas longtemps, peut-\u00eatre 30 minutes \u00e0 une heure, car elle se fatiguait facilement, mais elle a toujours aim\u00e9 quand je l&#039;amenais lui rendre visite. Malgr\u00e9 les courtes visites, il leur a suffi de nouer une relation profonde et bienveillante l&#039;un envers l&#039;autre. Elle l&#039;aime et il l&#039;aime ; il aime aussi les bonbons qu&#039;elle garde dans l&#039;un des tiroirs de sa commode, mais c&#039;est une autre histoire. Mais je sais qu&#039;il appr\u00e9cie toujours passer du temps avec grand-m\u00e8re, m\u00eame si son tiroir \u00e0 bonbons \u00e9tait vide.<\/p>\n<p>Au cours des derni\u00e8res semaines, elle semblait un peu malade, mais nous avons attribu\u00e9 cela au fait qu&#039;elle avait 100 ans. Mais il y a environ quatre jours, il \u00e9tait \u00e9vident que son corps \u00e9tait en train de s&#039;arr\u00eater. Nous approchons donc de la fin, et je sais que je vais devoir traverser cela, pas seulement seul, mais aussi aux c\u00f4t\u00e9s de mes enfants. En ce moment, j&#039;essaie de rester positif et reconnaissant pour tout le temps que nous avons pass\u00e9\u2026 et que mes gar\u00e7ons plus \u00e2g\u00e9s ont eu respectivement 22 et 20 ans avec elle. En passant, cela me semble toujours \u00e9tonnant\u2026 qu&#039;ils aient pass\u00e9 autant de temps avec leur arri\u00e8re-grand-m\u00e8re.<\/p>\n<p>Et ce n&#039;est pas comme s&#039;il s&#039;agissait d&#039;une relation totalement distante ; elle a pris des vacances avec nous quand ils \u00e9taient plus jeunes, donc ils ont vraiment pass\u00e9 beaucoup de temps avec leur arri\u00e8re-grand-m\u00e8re\u2026 mais tout \u00e9tait condens\u00e9. Quand les gar\u00e7ons plus \u00e2g\u00e9s \u00e9taient plus jeunes, elle habitait loin et nous ne la voyions pas tr\u00e8s souvent. Ce n&#039;est que ces derni\u00e8res ann\u00e9es qu&#039;elle habitait \u00e0 quelques minutes de chez nous.<\/p>\n<p>Et quand ma plus jeune est arriv\u00e9e, les choses \u00e9taient diff\u00e9rentes et elle n\u2019\u00e9tait pas aussi active ; les vacances n\u2019\u00e9taient pas envisageables parce que c\u2019\u00e9tait tout simplement trop difficile pour elle de les faire. Ainsi, m\u00eame si mon plus jeune n&#039;a pas eu de vacances annuelles et a pass\u00e9 beaucoup de vacances ensemble, il a eu des visites individuelles ; il a eu le temps de passer du temps avec elle et non au milieu d&#039;un groupe de famille r\u00e9unie.<\/p>\n<p>Ainsi, apr\u00e8s son d\u00e9m\u00e9nagement, nous avons fait de sa visite une priorit\u00e9. Malgr\u00e9 la quarantaine Covid, m\u00eame au cours de ses neuf ann\u00e9es, il a probablement pass\u00e9 autant de temps avec elle. Tout cela pour dire : m\u00eame si elle n&#039;est pas encore partie, j&#039;essaie d\u00e9sesp\u00e9r\u00e9ment de camper dans ma gratitude, et non dans le chagrin et la perte que je sais venir.<\/p>\n<p>Et pour \u00eatre clair, je ne suis pas le plus en col\u00e8re contre moi-m\u00eame, ni contre mes gar\u00e7ons plus \u00e2g\u00e9s, ni contre mes parents\u2026 c&#039;est pour mon plus jeune fils\u2026 parce que voici le probl\u00e8me\u00a0: tous les enfants issus de milieux difficiles ont d\u00e9j\u00e0 v\u00e9cu une grande perte\u2026 la perte de leur famille biologique (ce qui peut \u00eatre temporaire, permanent ou quelque part entre les deux), ainsi que la perte potentielle d&#039;amis, de fr\u00e8res et s\u0153urs, d&#039;\u00e9cole ou d&#039;identit\u00e9 ethnique. Il existe de nombreuses fa\u00e7ons dont les ant\u00e9c\u00e9dents traumatiques peuvent avoir subi une perte. Faire face \u00e0 la perte d\u2019un membre proche de sa famille semble donc monumental.<\/p>\n<p>Nous avons un autre type de perte qui est \u00e9galement \u00e0 venir (j&#039;en parlerai \u00e9galement dans un prochain article), car notre fils a\u00een\u00e9 partira \u00e0 l&#039;\u00e9tranger en tant que missionnaire \u00e0 long terme. Il s\u2019agit donc \u00e9videmment d\u2019un sc\u00e9nario tr\u00e8s diff\u00e9rent, mais qui peut aussi susciter des sentiments de chagrin et de perte.<\/p>\n<p>Honn\u00eatement, je ne sais pas \u00e0 quoi cela ressemblera, mais en utilisant l&#039;histoire comme pr\u00e9dicteur, pour notre fils, g\u00e9n\u00e9ralement \u00ab triste a l&#039;air fou \u00bb, ce qui signifie beaucoup d&#039;explosions de col\u00e8re dans notre avenir. Mais je sais que je pourrais aussi \u00eatre surpris\u2026 alors je veux juste \u00eatre franc avec vous tous pour vous faire savoir ce que nous vivons actuellement. J&#039;\u00e9crirai certainement davantage, dans quelques semaines \u00e0 venir, et je vous ferai savoir comment les choses se passent et pourquoi je pense que cela ressemble \u00e0 \u00e7a. Je sais que notre exp\u00e9rience ne sera pas la m\u00eame pour tous les enfants, mais j&#039;esp\u00e8re que mon exp\u00e9rience apportera de l&#039;aide et de l&#039;espoir \u00e0 ceux qui ont parcouru cette marche\u2026 ou qui le feront \u00e0 l&#039;avenir.<\/p>\n<p>Sinc\u00e8rement,<\/p>\n<p>Kris<\/p>","protected":false},"excerpt":{"rendered":"<p>So one thing I have touched on previously, but not really delved into is walking alongside a child who has experienced trauma through the death of a loved one. Now, to be clear, I\u2019m not walking that path fully yet, but I am about to. My grandmother, who turned 100 years old earlier this year, [&hellip;]<\/p>\n","protected":false},"author":19,"featured_media":0,"comment_status":"open","ping_status":"open","sticky":false,"template":"","format":"standard","meta":{"_et_pb_use_builder":"","_et_pb_old_content":"","_et_gb_content_width":"","footnotes":""},"categories":[21],"tags":[],"class_list":["post-18165","post","type-post","status-publish","format-standard","hentry","category-news"],"yoast_head":"<!-- This site is optimized with the Yoast SEO plugin v27.4 - https:\/\/yoast.com\/product\/yoast-seo-wordpress\/ -->\n<title>Kris&#039; Corner - Death, Grief, and Loss - Firefly Children and Family Alliance<\/title>\n<meta name=\"robots\" content=\"index, follow, max-snippet:-1, max-image-preview:large, max-video-preview:-1\" \/>\n<link rel=\"canonical\" href=\"https:\/\/fireflyin.org\/fr\/resources\/news-library\/kris-corner-death-grief-and-loss\/\" \/>\n<meta property=\"og:locale\" content=\"fr_FR\" \/>\n<meta property=\"og:type\" content=\"article\" \/>\n<meta property=\"og:title\" content=\"Kris&#039; Corner - Death, Grief, and Loss - Firefly Children and Family Alliance\" \/>\n<meta property=\"og:description\" content=\"So one thing I have touched on previously, but not really delved into is walking alongside a child who has experienced trauma through the death of a loved one. Now, to be clear, I\u2019m not walking that path fully yet, but I am about to. My grandmother, who turned 100 years old earlier this year, [&hellip;]\" \/>\n<meta property=\"og:url\" content=\"https:\/\/fireflyin.org\/fr\/resources\/news-library\/kris-corner-death-grief-and-loss\/\" \/>\n<meta property=\"og:site_name\" content=\"Firefly Children and Family Alliance\" \/>\n<meta property=\"article:published_time\" content=\"2023-08-22T16:31:30+00:00\" \/>\n<meta property=\"article:modified_time\" content=\"2025-02-25T17:04:48+00:00\" \/>\n<meta name=\"author\" content=\"Firefly Children and Family Alliance\" \/>\n<meta name=\"twitter:card\" content=\"summary_large_image\" \/>\n<meta name=\"twitter:label1\" content=\"\u00c9crit par\" \/>\n\t<meta name=\"twitter:data1\" content=\"Firefly Children and Family Alliance\" \/>\n\t<meta name=\"twitter:label2\" content=\"Dur\u00e9e de lecture estim\u00e9e\" \/>\n\t<meta name=\"twitter:data2\" content=\"5 minutes\" \/>\n<script type=\"application\/ld+json\" class=\"yoast-schema-graph\">{\"@context\":\"https:\\\/\\\/schema.org\",\"@graph\":[{\"@type\":\"Article\",\"@id\":\"https:\\\/\\\/fireflyin.org\\\/resources\\\/news-library\\\/kris-corner-death-grief-and-loss\\\/#article\",\"isPartOf\":{\"@id\":\"https:\\\/\\\/fireflyin.org\\\/resources\\\/news-library\\\/kris-corner-death-grief-and-loss\\\/\"},\"author\":{\"name\":\"Firefly Children and Family Alliance\",\"@id\":\"https:\\\/\\\/fireflyin.org\\\/#\\\/schema\\\/person\\\/4a0a717d05ab7bca77c74ce89ec295bf\"},\"headline\":\"Kris&#8217; Corner &#8211; Death, Grief, and Loss\",\"datePublished\":\"2023-08-22T16:31:30+00:00\",\"dateModified\":\"2025-02-25T17:04:48+00:00\",\"mainEntityOfPage\":{\"@id\":\"https:\\\/\\\/fireflyin.org\\\/resources\\\/news-library\\\/kris-corner-death-grief-and-loss\\\/\"},\"wordCount\":969,\"commentCount\":0,\"articleSection\":[\"News\"],\"inLanguage\":\"fr-FR\"},{\"@type\":\"WebPage\",\"@id\":\"https:\\\/\\\/fireflyin.org\\\/resources\\\/news-library\\\/kris-corner-death-grief-and-loss\\\/\",\"url\":\"https:\\\/\\\/fireflyin.org\\\/resources\\\/news-library\\\/kris-corner-death-grief-and-loss\\\/\",\"name\":\"Kris' Corner - Death, Grief, and Loss - Firefly Children and Family Alliance\",\"isPartOf\":{\"@id\":\"https:\\\/\\\/fireflyin.org\\\/#website\"},\"datePublished\":\"2023-08-22T16:31:30+00:00\",\"dateModified\":\"2025-02-25T17:04:48+00:00\",\"author\":{\"@id\":\"https:\\\/\\\/fireflyin.org\\\/#\\\/schema\\\/person\\\/4a0a717d05ab7bca77c74ce89ec295bf\"},\"breadcrumb\":{\"@id\":\"https:\\\/\\\/fireflyin.org\\\/resources\\\/news-library\\\/kris-corner-death-grief-and-loss\\\/#breadcrumb\"},\"inLanguage\":\"fr-FR\",\"potentialAction\":[{\"@type\":\"ReadAction\",\"target\":[\"https:\\\/\\\/fireflyin.org\\\/resources\\\/news-library\\\/kris-corner-death-grief-and-loss\\\/\"]}]},{\"@type\":\"BreadcrumbList\",\"@id\":\"https:\\\/\\\/fireflyin.org\\\/resources\\\/news-library\\\/kris-corner-death-grief-and-loss\\\/#breadcrumb\",\"itemListElement\":[{\"@type\":\"ListItem\",\"position\":1,\"name\":\"Home\",\"item\":\"https:\\\/\\\/fireflyin.org\\\/\"},{\"@type\":\"ListItem\",\"position\":2,\"name\":\"Kris&#8217; Corner &#8211; Death, Grief, and Loss\"}]},{\"@type\":\"WebSite\",\"@id\":\"https:\\\/\\\/fireflyin.org\\\/#website\",\"url\":\"https:\\\/\\\/fireflyin.org\\\/\",\"name\":\"Firefly Children and Family Alliance\",\"description\":\"foster parents impact, foster kids, foster parents needed, a foster parent&#039;s role\",\"potentialAction\":[{\"@type\":\"SearchAction\",\"target\":{\"@type\":\"EntryPoint\",\"urlTemplate\":\"https:\\\/\\\/fireflyin.org\\\/?s={search_term_string}\"},\"query-input\":{\"@type\":\"PropertyValueSpecification\",\"valueRequired\":true,\"valueName\":\"search_term_string\"}}],\"inLanguage\":\"fr-FR\"},{\"@type\":\"Person\",\"@id\":\"https:\\\/\\\/fireflyin.org\\\/#\\\/schema\\\/person\\\/4a0a717d05ab7bca77c74ce89ec295bf\",\"name\":\"Firefly Children and Family Alliance\",\"image\":{\"@type\":\"ImageObject\",\"inLanguage\":\"fr-FR\",\"@id\":\"https:\\\/\\\/secure.gravatar.com\\\/avatar\\\/05d76712c41f02a8e2d8f22346b1a85e7f00cb4436efc2fa6670ee39129fd71b?s=96&d=mm&r=g\",\"url\":\"https:\\\/\\\/secure.gravatar.com\\\/avatar\\\/05d76712c41f02a8e2d8f22346b1a85e7f00cb4436efc2fa6670ee39129fd71b?s=96&d=mm&r=g\",\"contentUrl\":\"https:\\\/\\\/secure.gravatar.com\\\/avatar\\\/05d76712c41f02a8e2d8f22346b1a85e7f00cb4436efc2fa6670ee39129fd71b?s=96&d=mm&r=g\",\"caption\":\"Firefly Children and Family Alliance\"},\"url\":\"https:\\\/\\\/fireflyin.org\\\/fr\\\/resources\\\/news-library\\\/author\\\/firefly-children-and-family-alliance\\\/\"}]}<\/script>\n<!-- \/ Yoast SEO plugin. -->","yoast_head_json":{"title":"Kris' Corner - Death, Grief, and Loss - Firefly Children and Family Alliance","robots":{"index":"index","follow":"follow","max-snippet":"max-snippet:-1","max-image-preview":"max-image-preview:large","max-video-preview":"max-video-preview:-1"},"canonical":"https:\/\/fireflyin.org\/fr\/resources\/news-library\/kris-corner-death-grief-and-loss\/","og_locale":"fr_FR","og_type":"article","og_title":"Kris' Corner - Death, Grief, and Loss - Firefly Children and Family Alliance","og_description":"So one thing I have touched on previously, but not really delved into is walking alongside a child who has experienced trauma through the death of a loved one. Now, to be clear, I\u2019m not walking that path fully yet, but I am about to. My grandmother, who turned 100 years old earlier this year, [&hellip;]","og_url":"https:\/\/fireflyin.org\/fr\/resources\/news-library\/kris-corner-death-grief-and-loss\/","og_site_name":"Firefly Children and Family Alliance","article_published_time":"2023-08-22T16:31:30+00:00","article_modified_time":"2025-02-25T17:04:48+00:00","author":"Firefly Children and Family Alliance","twitter_card":"summary_large_image","twitter_misc":{"\u00c9crit par":"Firefly Children and Family Alliance","Dur\u00e9e de lecture estim\u00e9e":"5 minutes"},"schema":{"@context":"https:\/\/schema.org","@graph":[{"@type":"Article","@id":"https:\/\/fireflyin.org\/resources\/news-library\/kris-corner-death-grief-and-loss\/#article","isPartOf":{"@id":"https:\/\/fireflyin.org\/resources\/news-library\/kris-corner-death-grief-and-loss\/"},"author":{"name":"Firefly Children and Family Alliance","@id":"https:\/\/fireflyin.org\/#\/schema\/person\/4a0a717d05ab7bca77c74ce89ec295bf"},"headline":"Kris&#8217; Corner &#8211; Death, Grief, and Loss","datePublished":"2023-08-22T16:31:30+00:00","dateModified":"2025-02-25T17:04:48+00:00","mainEntityOfPage":{"@id":"https:\/\/fireflyin.org\/resources\/news-library\/kris-corner-death-grief-and-loss\/"},"wordCount":969,"commentCount":0,"articleSection":["News"],"inLanguage":"fr-FR"},{"@type":"WebPage","@id":"https:\/\/fireflyin.org\/resources\/news-library\/kris-corner-death-grief-and-loss\/","url":"https:\/\/fireflyin.org\/resources\/news-library\/kris-corner-death-grief-and-loss\/","name":"Kris' Corner - Death, Grief, and Loss - Firefly Children and Family Alliance","isPartOf":{"@id":"https:\/\/fireflyin.org\/#website"},"datePublished":"2023-08-22T16:31:30+00:00","dateModified":"2025-02-25T17:04:48+00:00","author":{"@id":"https:\/\/fireflyin.org\/#\/schema\/person\/4a0a717d05ab7bca77c74ce89ec295bf"},"breadcrumb":{"@id":"https:\/\/fireflyin.org\/resources\/news-library\/kris-corner-death-grief-and-loss\/#breadcrumb"},"inLanguage":"fr-FR","potentialAction":[{"@type":"ReadAction","target":["https:\/\/fireflyin.org\/resources\/news-library\/kris-corner-death-grief-and-loss\/"]}]},{"@type":"BreadcrumbList","@id":"https:\/\/fireflyin.org\/resources\/news-library\/kris-corner-death-grief-and-loss\/#breadcrumb","itemListElement":[{"@type":"ListItem","position":1,"name":"Home","item":"https:\/\/fireflyin.org\/"},{"@type":"ListItem","position":2,"name":"Kris&#8217; Corner &#8211; Death, Grief, and Loss"}]},{"@type":"WebSite","@id":"https:\/\/fireflyin.org\/#website","url":"https:\/\/fireflyin.org\/","name":"Alliance des enfants et de la famille Firefly","description":"impact des parents d&#039;accueil, enfants en famille d&#039;accueil, parents d&#039;accueil n\u00e9cessaires, r\u00f4le d&#039;un parent d&#039;accueil","potentialAction":[{"@type":"SearchAction","target":{"@type":"EntryPoint","urlTemplate":"https:\/\/fireflyin.org\/?s={search_term_string}"},"query-input":{"@type":"PropertyValueSpecification","valueRequired":true,"valueName":"search_term_string"}}],"inLanguage":"fr-FR"},{"@type":"Person","@id":"https:\/\/fireflyin.org\/#\/schema\/person\/4a0a717d05ab7bca77c74ce89ec295bf","name":"Alliance des enfants et de la famille Firefly","image":{"@type":"ImageObject","inLanguage":"fr-FR","@id":"https:\/\/secure.gravatar.com\/avatar\/05d76712c41f02a8e2d8f22346b1a85e7f00cb4436efc2fa6670ee39129fd71b?s=96&d=mm&r=g","url":"https:\/\/secure.gravatar.com\/avatar\/05d76712c41f02a8e2d8f22346b1a85e7f00cb4436efc2fa6670ee39129fd71b?s=96&d=mm&r=g","contentUrl":"https:\/\/secure.gravatar.com\/avatar\/05d76712c41f02a8e2d8f22346b1a85e7f00cb4436efc2fa6670ee39129fd71b?s=96&d=mm&r=g","caption":"Firefly Children and Family Alliance"},"url":"https:\/\/fireflyin.org\/fr\/resources\/news-library\/author\/firefly-children-and-family-alliance\/"}]}},"_links":{"self":[{"href":"https:\/\/fireflyin.org\/fr\/wp-json\/wp\/v2\/posts\/18165","targetHints":{"allow":["GET"]}}],"collection":[{"href":"https:\/\/fireflyin.org\/fr\/wp-json\/wp\/v2\/posts"}],"about":[{"href":"https:\/\/fireflyin.org\/fr\/wp-json\/wp\/v2\/types\/post"}],"author":[{"embeddable":true,"href":"https:\/\/fireflyin.org\/fr\/wp-json\/wp\/v2\/users\/19"}],"replies":[{"embeddable":true,"href":"https:\/\/fireflyin.org\/fr\/wp-json\/wp\/v2\/comments?post=18165"}],"version-history":[{"count":0,"href":"https:\/\/fireflyin.org\/fr\/wp-json\/wp\/v2\/posts\/18165\/revisions"}],"wp:attachment":[{"href":"https:\/\/fireflyin.org\/fr\/wp-json\/wp\/v2\/media?parent=18165"}],"wp:term":[{"taxonomy":"category","embeddable":true,"href":"https:\/\/fireflyin.org\/fr\/wp-json\/wp\/v2\/categories?post=18165"},{"taxonomy":"post_tag","embeddable":true,"href":"https:\/\/fireflyin.org\/fr\/wp-json\/wp\/v2\/tags?post=18165"}],"curies":[{"name":"wp","href":"https:\/\/api.w.org\/{rel}","templated":true}]}}