{"id":17740,"date":"2023-08-01T11:30:51","date_gmt":"2023-08-01T15:30:51","guid":{"rendered":"https:\/\/fireflyin.org\/?p=17740"},"modified":"2025-02-25T12:05:01","modified_gmt":"2025-02-25T17:05:01","slug":"kris-corner-sensory-input-and-the-fourth-of-july","status":"publish","type":"post","link":"https:\/\/fireflyin.org\/fr\/resources\/news-library\/kris-corner-sensory-input-and-the-fourth-of-july\/","title":{"rendered":"Le coin de Kris\u00a0: l&#039;entr\u00e9e sensorielle et le 4\u00a0juillet"},"content":{"rendered":"<p>Ce n&#039;est donc pas n\u00e9cessairement sp\u00e9cifique au 4 juillet, bien qu&#039;il ait absolument sa place \u00e0 cette p\u00e9riode de l&#039;ann\u00e9e, c&#039;est pourquoi je l&#039;inclus maintenant. Comme nous en avons d\u00e9j\u00e0 discut\u00e9, les enfants pris en charge subissent toujours des traumatismes. M\u00eame si on vous dit qu&#039;ils n&#039;ont pas de traumatisme, le simple fait d&#039;\u00eatre retir\u00e9 de la famille biologique est une exp\u00e9rience traumatisante\u2026 peu importe ce que les gens pourraient pr\u00e9tendre.<\/p>\n<p>Mais ce que je veux dire, c&#039;est que certains enfants, dans le cadre de leur traumatisme, ont une sensibilit\u00e9 sensorielle, ce qui signifie qu&#039;ils ont soif de plus d&#039;informations ou qu&#039;ils y sont oppos\u00e9s\u2026 alors voyez-vous d\u00e9j\u00e0 o\u00f9 je veux en venir avec ce post\u00a0? Je le mentionne maintenant parce qu&#039;il y a beaucoup d&#039;opportunit\u00e9s pour une entr\u00e9e sensorielle s\u00e9rieuse le 4 juillet.<\/p>\n<p>Ainsi, lorsque nous consid\u00e9rons les entr\u00e9es sensorielles, nous pensons \u00e0 nos cinq sens : la vue, l&#039;odorat, l&#039;ou\u00efe, le go\u00fbt et le toucher. Voici quelques exemples courants de choses que les enfants recherchent et\/ou \u00e9vitent \u00e0 partir de ces sens (et j&#039;inclurai sp\u00e9cifiquement des exemples sp\u00e9cifiques au 4 juillet) :<\/p>\n<ul>\n<li><strong>Vue: <\/strong>Motifs visuels, certaines couleurs ou formes, objets en mouvement ou en rotation et objets ou lumi\u00e8re brillants\u00a0; cela peut \u00e9videmment inclure des feux d&#039;artifice au sol ou dans les airs.<\/li>\n<li><strong>Odeur: <\/strong>Odeurs sp\u00e9cifiques. Certains enfants aiment tout sentir, tandis que d&#039;autres sont capables de d\u00e9tecter des odeurs que les autres ne remarquent pas\u2026 et qu&#039;elles les d\u00e9rangent. Pour le 4 juillet, cela pourrait \u00eatre l&#039;odeur de la fum\u00e9e des feux d&#039;artifice ou de la nourriture sur le gril. Personnellement, je ne peux pas l&#039;imaginer, mais je sais qu&#039;il est vrai que certaines personnes sont oppos\u00e9es \u00e0 ces parfums.<\/li>\n<li><strong>Audience: <\/strong>Des sons forts ou inattendus comme des alarmes incendie ou des chants, des types de bruits r\u00e9p\u00e9titifs ou sp\u00e9cifiques (comme des claquements de doigts ou des applaudissements). Les boums bruyants des feux d&#039;artifice entreraient absolument dans cette cat\u00e9gorie.<\/li>\n<li><strong>Go\u00fbt: <\/strong>Go\u00fbts sp\u00e9cifiques (comme \u00e9pic\u00e9, acide, amer ou menthol\u00e9) et textures (comme croquant, caoutchouteux ou p\u00e2teux), m\u00e2cher ou sucer des objets non alimentaires (comme des manches ou des cols de chemise)\u00a0; cela pourrait \u00eatre \u00e9vident par certains des aliments souvent servis pendant cette f\u00eate qui pourraient ne pas figurer dans le menu typique de l&#039;enfant\u00a0!<\/li>\n<li><strong>Touche: <\/strong>Toucher d&#039;autres personnes, toucher et jouer avec des objets, des v\u00eatements serr\u00e9s ou souples et certaines textures ou surfaces\u00a0; cela peut toujours inclure une aversion ou une attirance pour le feu\/allumer les feux d&#039;artifice ou les cierges magiques. Exemple\u00a0: \u00e0 quelle fr\u00e9quence devez-vous dire \u00e0 un enfant &quot;ne touchez pas\u00a0!&quot; lorsqu&#039;il s&#039;agit de toucher une flamme ou une m\u00e8che allum\u00e9e ?<\/li>\n<\/ul>\n<p>Maintenant, tous les enfants ne sont clairement pas des chercheurs sensoriels ou des \u00e9viteurs sensoriels. Certains enfants peuvent montrer l&#039;une ou l&#039;autre r\u00e9ponse en fonction de leur situation ou de leur environnement. Cela peut changer en fonction de leur d\u00e9r\u00e9gulation, de leur capacit\u00e9 \u00e0 s&#039;autor\u00e9guler, ainsi que de la situation g\u00e9n\u00e9rale\u2026 et si vous n&#039;avez jamais eu de placement actuel dans votre maison le 4 juillet, vous ne savez peut-\u00eatre pas comment il va r\u00e9pondre.<\/p>\n<p>Par exemple, certains enfants ne luttent pas dans des environnements familiers, mais peuvent avoir un effondrement sensoriel dans des endroits bond\u00e9s ou inconnus ; par exemple, si vous \u00eates au centre-ville pour le feu d&#039;artifice, il y aura du monde, r\u00e9fl\u00e9chissez peut-\u00eatre \u00e0 la fa\u00e7on dont votre enfant g\u00e8re habituellement ce genre de situation, puis ajoutez toutes les autres mines terrestres potentielles des vacances. Ou votre enfant peut chercher ou \u00e9viter des commentaires pour se calmer, alors qu&#039;il ne le fait pas d&#039;habitude.<\/p>\n<p>Ce qui nous ram\u00e8ne au 4 juillet. Maintenant accord\u00e9\u2026 toutes les vacances peuvent \u00eatre une lutte pour un enfant des endroits difficiles\u2026 mais ces vacances en particulier (je pense personnellement) ont tellement d&#039;opportunit\u00e9s vari\u00e9es de d\u00e9r\u00e8glement que je veux juste le mentionner maintenant afin que vous, en tant que capable et bien- parents d&#039;accueil vers\u00e9s que vous \u00eates, peuvent \u00eatre sur votre A-Game pour les festivit\u00e9s \u00e0 venir.<\/p>\n<p>Alors que pouvez-vous faire pour vous pr\u00e9parer ? Eh bien, si c&#039;est votre premier tour avec un enfant en particulier et que vous ne savez pas vraiment \u00e0 quoi vous attendre, je placerais la barre basse et j&#039;aurais toujours un plan d&#039;\u00e9vacuation. Ce que je veux dire par l\u00e0, c&#039;est \u00eatre pr\u00eat \u00e0 partir rapidement o\u00f9 que vous soyez si votre enfant est vraiment en difficult\u00e9.<\/p>\n<p>Mais il existe d&#039;autres moyens de vous pr\u00e9parer pour ne pas avoir \u00e0 quitter. Comme toujours, parlez \u00e0 l&#039;enfant \u00e0 l&#039;avance de l&#039;endroit o\u00f9 vous allez, de ce que vous faites, de ce que vous pourriez voir et\/ou vivre, etc.<\/p>\n<ul>\n<li>Prenez des \u00e9couteurs antibruit pour ces feux d&#039;artifice bruyants.<\/li>\n<li>Prenez de l&#039;eau et des collations; c&#039;\u00e9tait toujours un gros probl\u00e8me pour nous\u2026 si mon fils a) s&#039;amusait trop pour s&#039;arr\u00eater et manger, ou b) n&#039;aimait tout simplement pas les diff\u00e9rents types de nourriture au pique-nique\/bar-be-que, alors il ne mangeait pas\u2026 et les choses s&#039;effondraient rapidement pour lui (et pour nous) une fois que cela arrivait.<\/li>\n<li>Prenez un ventilateur personnel aliment\u00e9 par batterie ; le Quatri\u00e8me a historiquement des temp\u00e9ratures chaudes dans une grande partie des \u00c9tats-Unis, et au moins dans nos circonstances, mon fils est plus susceptible de devenir d\u00e9r\u00e9gul\u00e9 quand il a chaud\u2026 donc un petit ventilateur pour se rafra\u00eechir semble \u00eatre une victoire facile\u00a0!<\/li>\n<\/ul>\n<p>Et pour vous greffer sur les fa\u00e7ons de vous pr\u00e9parer\u2026 consid\u00e9rez que vous \u00eates d&#039;accord avec le fait que votre enfant pourrait ne pas manger sainement ce jour-l\u00e0 et laissez tomber. Je veux dire, je ne dis pas n\u00e9cessairement un &quot;sucre gratuit pour tous!&quot; mais plus de sucre que d&#039;habitude sera probablement acceptable.<\/p>\n<p>Et enfin, permettez-moi de vous donner une derni\u00e8re suggestion\u00a0: pr\u00e9venez tous les autres enfants de votre foyer que vous devrez peut-\u00eatre partir si un autre enfant se d\u00e9bat, afin que vous puissiez, esp\u00e9rons-le, att\u00e9nuer les pleurs et les grincements de dents que la sortie pourrait causer. Mais en fin de compte, vous seul connaissez l&#039;enfant et la situation et pouvez savoir ce qui serait\/pourrait \u00eatre le mieux ; si planter cette graine risque d&#039;aggraver les choses, alors ne le faites \u00e9videmment pas !<\/p>\n<p>Ainsi, au lieu d&#039;\u00e9num\u00e9rer toutes les possibilit\u00e9s (parce que ce ne serait pas possible de toute fa\u00e7on), je vous donne simplement un point de d\u00e9part pour vous aider \u00e0 commencer \u00e0 r\u00e9fl\u00e9chir AVANT d&#039;arriver \u00e0 une soir\u00e9e de feux d&#039;artifice o\u00f9 votre enfant fait un monstre effondrement et vous \u00eates pris au d\u00e9pourvu.<\/p>\n<p>Sachez simplement que ces vacances ne correspondent peut-\u00eatre pas du tout \u00e0 ce que vous attendez (ou souhaitez n\u00e9cessairement), mais vous pouvez faire passer les besoins de l&#039;enfant avant les v\u00f4tres pour cette journ\u00e9e\/\u00e9v\u00e9nement. Disons, par exemple, que vous aimez vraiment les feux d&#039;artifice et que c&#039;est votre seul coup chaque ann\u00e9e pour voir un spectacle en personne. Mais votre enfant adoptif retourne son couvercle apr\u00e8s le premier &quot;boum&quot;, vous devez donc faire vos bagages et partir avant qu&#039;il ne s&#039;effondre totalement (ou pendant qu&#039;il s&#039;effondre). Soyez simplement pr\u00eat \u00e0 le faire\u2026 s\u00e9rieusement, dites-vous \u00e0 l&#039;avance que c&#039;est ce que vous allez devoir faire\u2026 mais soyez agr\u00e9ablement surpris si, en fait, vous n&#039;avez pas besoin de le faire.<\/p>\n<p>Conclusion : vous ne serez pas pris au d\u00e9pourvu ! Vous l&#039;avez et \u00e7a va \u00eatre g\u00e9nial\u2026 m\u00eame si cela ne ressemble \u00e0 aucun 4 juillet de votre pass\u00e9.<\/p>\n<p>Sinc\u00e8rement,<\/p>\n<p>Kris<\/p>","protected":false},"excerpt":{"rendered":"<p>So this isn\u2019t necessarily Fourth of July specific, although it absolutely has its place at this time of year, which is why I\u2019m including it now. As we\u2019ve discussed before, kids in care always have trauma. Even if you\u2019re told that they don\u2019t have trauma, simply being removed from biological family is a traumatic experience\u2026regardless [&hellip;]<\/p>\n","protected":false},"author":19,"featured_media":0,"comment_status":"open","ping_status":"open","sticky":false,"template":"","format":"standard","meta":{"_et_pb_use_builder":"","_et_pb_old_content":"","_et_gb_content_width":"","footnotes":""},"categories":[10,21],"tags":[],"class_list":["post-17740","post","type-post","status-publish","format-standard","hentry","category-kriss-corner","category-news"],"yoast_head":"<!-- This site is optimized with the Yoast SEO plugin v27.4 - https:\/\/yoast.com\/product\/yoast-seo-wordpress\/ -->\n<title>Kris&#039; Corner: Sensory Input and the Fourth of July - Firefly Children and Family Alliance<\/title>\n<meta name=\"robots\" content=\"index, follow, max-snippet:-1, max-image-preview:large, max-video-preview:-1\" \/>\n<link rel=\"canonical\" href=\"https:\/\/fireflyin.org\/fr\/resources\/news-library\/kris-corner-sensory-input-and-the-fourth-of-july\/\" \/>\n<meta property=\"og:locale\" content=\"fr_FR\" \/>\n<meta property=\"og:type\" content=\"article\" \/>\n<meta property=\"og:title\" content=\"Kris&#039; Corner: Sensory Input and the Fourth of July - Firefly Children and Family Alliance\" \/>\n<meta property=\"og:description\" content=\"So this isn\u2019t necessarily Fourth of July specific, although it absolutely has its place at this time of year, which is why I\u2019m including it now. As we\u2019ve discussed before, kids in care always have trauma. Even if you\u2019re told that they don\u2019t have trauma, simply being removed from biological family is a traumatic experience\u2026regardless [&hellip;]\" \/>\n<meta property=\"og:url\" content=\"https:\/\/fireflyin.org\/fr\/resources\/news-library\/kris-corner-sensory-input-and-the-fourth-of-july\/\" \/>\n<meta property=\"og:site_name\" content=\"Firefly Children and Family Alliance\" \/>\n<meta property=\"article:published_time\" content=\"2023-08-01T15:30:51+00:00\" \/>\n<meta property=\"article:modified_time\" content=\"2025-02-25T17:05:01+00:00\" \/>\n<meta name=\"author\" content=\"Firefly Children and Family Alliance\" \/>\n<meta name=\"twitter:card\" content=\"summary_large_image\" \/>\n<meta name=\"twitter:label1\" content=\"\u00c9crit par\" \/>\n\t<meta name=\"twitter:data1\" content=\"Firefly Children and Family Alliance\" \/>\n\t<meta name=\"twitter:label2\" content=\"Dur\u00e9e de lecture estim\u00e9e\" \/>\n\t<meta name=\"twitter:data2\" content=\"6 minutes\" \/>\n<script type=\"application\/ld+json\" class=\"yoast-schema-graph\">{\"@context\":\"https:\\\/\\\/schema.org\",\"@graph\":[{\"@type\":\"Article\",\"@id\":\"https:\\\/\\\/fireflyin.org\\\/resources\\\/news-library\\\/kris-corner-sensory-input-and-the-fourth-of-july\\\/#article\",\"isPartOf\":{\"@id\":\"https:\\\/\\\/fireflyin.org\\\/resources\\\/news-library\\\/kris-corner-sensory-input-and-the-fourth-of-july\\\/\"},\"author\":{\"name\":\"Firefly Children and Family Alliance\",\"@id\":\"https:\\\/\\\/fireflyin.org\\\/#\\\/schema\\\/person\\\/4a0a717d05ab7bca77c74ce89ec295bf\"},\"headline\":\"Kris&#8217; Corner: Sensory Input and the Fourth of July\",\"datePublished\":\"2023-08-01T15:30:51+00:00\",\"dateModified\":\"2025-02-25T17:05:01+00:00\",\"mainEntityOfPage\":{\"@id\":\"https:\\\/\\\/fireflyin.org\\\/resources\\\/news-library\\\/kris-corner-sensory-input-and-the-fourth-of-july\\\/\"},\"wordCount\":1191,\"commentCount\":0,\"articleSection\":[\"Kris' Corner\",\"News\"],\"inLanguage\":\"fr-FR\"},{\"@type\":\"WebPage\",\"@id\":\"https:\\\/\\\/fireflyin.org\\\/resources\\\/news-library\\\/kris-corner-sensory-input-and-the-fourth-of-july\\\/\",\"url\":\"https:\\\/\\\/fireflyin.org\\\/resources\\\/news-library\\\/kris-corner-sensory-input-and-the-fourth-of-july\\\/\",\"name\":\"Kris' Corner: Sensory Input and the Fourth of July - Firefly Children and Family Alliance\",\"isPartOf\":{\"@id\":\"https:\\\/\\\/fireflyin.org\\\/#website\"},\"datePublished\":\"2023-08-01T15:30:51+00:00\",\"dateModified\":\"2025-02-25T17:05:01+00:00\",\"author\":{\"@id\":\"https:\\\/\\\/fireflyin.org\\\/#\\\/schema\\\/person\\\/4a0a717d05ab7bca77c74ce89ec295bf\"},\"breadcrumb\":{\"@id\":\"https:\\\/\\\/fireflyin.org\\\/resources\\\/news-library\\\/kris-corner-sensory-input-and-the-fourth-of-july\\\/#breadcrumb\"},\"inLanguage\":\"fr-FR\",\"potentialAction\":[{\"@type\":\"ReadAction\",\"target\":[\"https:\\\/\\\/fireflyin.org\\\/resources\\\/news-library\\\/kris-corner-sensory-input-and-the-fourth-of-july\\\/\"]}]},{\"@type\":\"BreadcrumbList\",\"@id\":\"https:\\\/\\\/fireflyin.org\\\/resources\\\/news-library\\\/kris-corner-sensory-input-and-the-fourth-of-july\\\/#breadcrumb\",\"itemListElement\":[{\"@type\":\"ListItem\",\"position\":1,\"name\":\"Home\",\"item\":\"https:\\\/\\\/fireflyin.org\\\/\"},{\"@type\":\"ListItem\",\"position\":2,\"name\":\"Kris&#8217; Corner: Sensory Input and the Fourth of July\"}]},{\"@type\":\"WebSite\",\"@id\":\"https:\\\/\\\/fireflyin.org\\\/#website\",\"url\":\"https:\\\/\\\/fireflyin.org\\\/\",\"name\":\"Firefly Children and Family Alliance\",\"description\":\"foster parents impact, foster kids, foster parents needed, a foster parent&#039;s role\",\"potentialAction\":[{\"@type\":\"SearchAction\",\"target\":{\"@type\":\"EntryPoint\",\"urlTemplate\":\"https:\\\/\\\/fireflyin.org\\\/?s={search_term_string}\"},\"query-input\":{\"@type\":\"PropertyValueSpecification\",\"valueRequired\":true,\"valueName\":\"search_term_string\"}}],\"inLanguage\":\"fr-FR\"},{\"@type\":\"Person\",\"@id\":\"https:\\\/\\\/fireflyin.org\\\/#\\\/schema\\\/person\\\/4a0a717d05ab7bca77c74ce89ec295bf\",\"name\":\"Firefly Children and Family Alliance\",\"image\":{\"@type\":\"ImageObject\",\"inLanguage\":\"fr-FR\",\"@id\":\"https:\\\/\\\/secure.gravatar.com\\\/avatar\\\/05d76712c41f02a8e2d8f22346b1a85e7f00cb4436efc2fa6670ee39129fd71b?s=96&d=mm&r=g\",\"url\":\"https:\\\/\\\/secure.gravatar.com\\\/avatar\\\/05d76712c41f02a8e2d8f22346b1a85e7f00cb4436efc2fa6670ee39129fd71b?s=96&d=mm&r=g\",\"contentUrl\":\"https:\\\/\\\/secure.gravatar.com\\\/avatar\\\/05d76712c41f02a8e2d8f22346b1a85e7f00cb4436efc2fa6670ee39129fd71b?s=96&d=mm&r=g\",\"caption\":\"Firefly Children and Family Alliance\"},\"url\":\"https:\\\/\\\/fireflyin.org\\\/fr\\\/resources\\\/news-library\\\/author\\\/firefly-children-and-family-alliance\\\/\"}]}<\/script>\n<!-- \/ Yoast SEO plugin. -->","yoast_head_json":{"title":"Kris' Corner: Sensory Input and the Fourth of July - Firefly Children and Family Alliance","robots":{"index":"index","follow":"follow","max-snippet":"max-snippet:-1","max-image-preview":"max-image-preview:large","max-video-preview":"max-video-preview:-1"},"canonical":"https:\/\/fireflyin.org\/fr\/resources\/news-library\/kris-corner-sensory-input-and-the-fourth-of-july\/","og_locale":"fr_FR","og_type":"article","og_title":"Kris' Corner: Sensory Input and the Fourth of July - Firefly Children and Family Alliance","og_description":"So this isn\u2019t necessarily Fourth of July specific, although it absolutely has its place at this time of year, which is why I\u2019m including it now. As we\u2019ve discussed before, kids in care always have trauma. Even if you\u2019re told that they don\u2019t have trauma, simply being removed from biological family is a traumatic experience\u2026regardless [&hellip;]","og_url":"https:\/\/fireflyin.org\/fr\/resources\/news-library\/kris-corner-sensory-input-and-the-fourth-of-july\/","og_site_name":"Firefly Children and Family Alliance","article_published_time":"2023-08-01T15:30:51+00:00","article_modified_time":"2025-02-25T17:05:01+00:00","author":"Firefly Children and Family Alliance","twitter_card":"summary_large_image","twitter_misc":{"\u00c9crit par":"Firefly Children and Family Alliance","Dur\u00e9e de lecture estim\u00e9e":"6 minutes"},"schema":{"@context":"https:\/\/schema.org","@graph":[{"@type":"Article","@id":"https:\/\/fireflyin.org\/resources\/news-library\/kris-corner-sensory-input-and-the-fourth-of-july\/#article","isPartOf":{"@id":"https:\/\/fireflyin.org\/resources\/news-library\/kris-corner-sensory-input-and-the-fourth-of-july\/"},"author":{"name":"Firefly Children and Family Alliance","@id":"https:\/\/fireflyin.org\/#\/schema\/person\/4a0a717d05ab7bca77c74ce89ec295bf"},"headline":"Kris&#8217; Corner: Sensory Input and the Fourth of July","datePublished":"2023-08-01T15:30:51+00:00","dateModified":"2025-02-25T17:05:01+00:00","mainEntityOfPage":{"@id":"https:\/\/fireflyin.org\/resources\/news-library\/kris-corner-sensory-input-and-the-fourth-of-july\/"},"wordCount":1191,"commentCount":0,"articleSection":["Kris' Corner","News"],"inLanguage":"fr-FR"},{"@type":"WebPage","@id":"https:\/\/fireflyin.org\/resources\/news-library\/kris-corner-sensory-input-and-the-fourth-of-july\/","url":"https:\/\/fireflyin.org\/resources\/news-library\/kris-corner-sensory-input-and-the-fourth-of-july\/","name":"Kris' Corner: Sensory Input and the Fourth of July - Firefly Children and Family Alliance","isPartOf":{"@id":"https:\/\/fireflyin.org\/#website"},"datePublished":"2023-08-01T15:30:51+00:00","dateModified":"2025-02-25T17:05:01+00:00","author":{"@id":"https:\/\/fireflyin.org\/#\/schema\/person\/4a0a717d05ab7bca77c74ce89ec295bf"},"breadcrumb":{"@id":"https:\/\/fireflyin.org\/resources\/news-library\/kris-corner-sensory-input-and-the-fourth-of-july\/#breadcrumb"},"inLanguage":"fr-FR","potentialAction":[{"@type":"ReadAction","target":["https:\/\/fireflyin.org\/resources\/news-library\/kris-corner-sensory-input-and-the-fourth-of-july\/"]}]},{"@type":"BreadcrumbList","@id":"https:\/\/fireflyin.org\/resources\/news-library\/kris-corner-sensory-input-and-the-fourth-of-july\/#breadcrumb","itemListElement":[{"@type":"ListItem","position":1,"name":"Home","item":"https:\/\/fireflyin.org\/"},{"@type":"ListItem","position":2,"name":"Kris&#8217; Corner: Sensory Input and the Fourth of July"}]},{"@type":"WebSite","@id":"https:\/\/fireflyin.org\/#website","url":"https:\/\/fireflyin.org\/","name":"Alliance des enfants et de la famille Firefly","description":"impact des parents d&#039;accueil, enfants en famille d&#039;accueil, parents d&#039;accueil n\u00e9cessaires, r\u00f4le d&#039;un parent d&#039;accueil","potentialAction":[{"@type":"SearchAction","target":{"@type":"EntryPoint","urlTemplate":"https:\/\/fireflyin.org\/?s={search_term_string}"},"query-input":{"@type":"PropertyValueSpecification","valueRequired":true,"valueName":"search_term_string"}}],"inLanguage":"fr-FR"},{"@type":"Person","@id":"https:\/\/fireflyin.org\/#\/schema\/person\/4a0a717d05ab7bca77c74ce89ec295bf","name":"Alliance des enfants et de la famille Firefly","image":{"@type":"ImageObject","inLanguage":"fr-FR","@id":"https:\/\/secure.gravatar.com\/avatar\/05d76712c41f02a8e2d8f22346b1a85e7f00cb4436efc2fa6670ee39129fd71b?s=96&d=mm&r=g","url":"https:\/\/secure.gravatar.com\/avatar\/05d76712c41f02a8e2d8f22346b1a85e7f00cb4436efc2fa6670ee39129fd71b?s=96&d=mm&r=g","contentUrl":"https:\/\/secure.gravatar.com\/avatar\/05d76712c41f02a8e2d8f22346b1a85e7f00cb4436efc2fa6670ee39129fd71b?s=96&d=mm&r=g","caption":"Firefly Children and Family Alliance"},"url":"https:\/\/fireflyin.org\/fr\/resources\/news-library\/author\/firefly-children-and-family-alliance\/"}]}},"_links":{"self":[{"href":"https:\/\/fireflyin.org\/fr\/wp-json\/wp\/v2\/posts\/17740","targetHints":{"allow":["GET"]}}],"collection":[{"href":"https:\/\/fireflyin.org\/fr\/wp-json\/wp\/v2\/posts"}],"about":[{"href":"https:\/\/fireflyin.org\/fr\/wp-json\/wp\/v2\/types\/post"}],"author":[{"embeddable":true,"href":"https:\/\/fireflyin.org\/fr\/wp-json\/wp\/v2\/users\/19"}],"replies":[{"embeddable":true,"href":"https:\/\/fireflyin.org\/fr\/wp-json\/wp\/v2\/comments?post=17740"}],"version-history":[{"count":0,"href":"https:\/\/fireflyin.org\/fr\/wp-json\/wp\/v2\/posts\/17740\/revisions"}],"wp:attachment":[{"href":"https:\/\/fireflyin.org\/fr\/wp-json\/wp\/v2\/media?parent=17740"}],"wp:term":[{"taxonomy":"category","embeddable":true,"href":"https:\/\/fireflyin.org\/fr\/wp-json\/wp\/v2\/categories?post=17740"},{"taxonomy":"post_tag","embeddable":true,"href":"https:\/\/fireflyin.org\/fr\/wp-json\/wp\/v2\/tags?post=17740"}],"curies":[{"name":"wp","href":"https:\/\/api.w.org\/{rel}","templated":true}]}}