{"id":10400,"date":"2022-04-11T16:14:21","date_gmt":"2022-04-11T20:14:21","guid":{"rendered":"https:\/\/fireflyin.org\/?p=10400"},"modified":"2025-02-25T12:05:16","modified_gmt":"2025-02-25T17:05:16","slug":"canal-to-be-dyed-blue-for-child-abuse-prevention","status":"publish","type":"post","link":"https:\/\/fireflyin.org\/fr\/resources\/news-library\/canal-to-be-dyed-blue-for-child-abuse-prevention\/","title":{"rendered":"Canal \u00e0 teindre en bleu pour la pr\u00e9vention de la maltraitance des enfants"},"content":{"rendered":"<p><strong>POUR DIFFUSION IMM\u00c9DIATE<\/strong><\/p>\n<p><strong>Personne-ressource pour les m\u00e9dias\u00a0:<br \/>\n<\/strong>Brian Heinemann<br \/>\nD\u00e9partement des services \u00e0 l&#039;enfance<br \/>\nCellulaire : 317-473-2416<br \/>\nE-mail:\u00a0<a href=\"mailto:brian.heinemann@dcs.in.gov\">brian.heinemann@dcs.in.gov<\/a><\/p>\n<p><strong>COMT\u00c9 DE MARION (5 AVRIL 2022)<\/strong>\u00a0- Le minist\u00e8re des Services \u00e0 l&#039;enfance de l&#039;Indiana, en partenariat avec le Children&#039;s Bureau + Families First, honorera le Mois de la pr\u00e9vention de la maltraitance des enfants en teignant le bleu du canal central de l&#039;Indiana.<\/p>\n<p><strong>QUAND<\/strong>: mardi 12 avril 2022<br \/>\n<strong>TEMPS<\/strong>: 9h<br \/>\n<strong>O\u00d9<\/strong>: Canal central de l&#039;Indiana - Bassin de la rue Ohio<\/p>\n<p><strong>HAUT-PARLEURS:\u00a0<\/strong>Peggy Surbey, D\u00e9partement des services \u00e0 l&#039;enfance de l&#039;Indiana<\/p>\n<p>Tina Cloer, Bureau des enfants + Familles d&#039;abord<\/p>\n<p>Marlin Jackson , partenaire de pr\u00e9vention et ancien demi de coin des Colts d&#039;Indianapolis<\/p>\n<p>Peggy Surbey, directrice r\u00e9gionale du d\u00e9partement des services \u00e0 l&#039;enfance du comt\u00e9 de Marion, Tina Cloer, pr\u00e9sidente et chef de la direction du Children&#039;s Bureau + Families First, et Marlin Jackson, partenaire de pr\u00e9vention et ancien demi de coin des Colts d&#039;Indianapolis, partageront des informations sur les efforts de pr\u00e9vention locaux et l&#039;importance de l&#039;enfant Mois de la pr\u00e9vention des abus.<\/p>\n<p>Pour plus d&#039;informations et de ressources sur la pr\u00e9vention de la maltraitance et de la n\u00e9gligence envers les enfants, cliquez sur\u00a0<a href=\"https:\/\/www.in.gov\/dcs\/contact-us\/child-abuse-and-neglect-hotline\/child-abuse-prevention-month\/\">ici<\/a>.<\/p>\n<p>###<\/p>\n<p><strong><em>\u00c0 propos du DCS de l&#039;Indiana\u00a0:<\/em><\/strong>\u00a0<em>Le D\u00e9partement des services \u00e0 l&#039;enfance de l&#039;Indiana s&#039;engage aupr\u00e8s des familles et collabore avec des partenaires \u00e9tatiques, locaux et communautaires pour prot\u00e9ger les enfants contre les abus et la n\u00e9gligence et pour fournir des services de soutien aux enfants<\/em><em>. Ligne d&#039;assistance t\u00e9l\u00e9phonique sur la maltraitance et la n\u00e9gligence des enfants de l&#039;Indiana\u00a0: 800.800.5556. Service \u00e0 la client\u00e8le des pensions alimentaires pour enfants Kidsline : 800.840.8757 ou 317.233.5437.\u00a0<\/em><a href=\"http:\/\/www.in.gov\/dcs\"><em>www.in.gov\/dcs<\/em><\/a><\/p>\n<p><strong><em>\u00c0 propos du Children&#039;s Bureau et de Families First (CB+FF)<\/em><\/strong><em>: CB+FF a fusionn\u00e9 en 2021. La combinaison de nos ressources et de notre expertise nous permet de mieux servir la communaut\u00e9 en offrant une approche plus holistique de la pr\u00e9vention de la maltraitance des enfants, de la pr\u00e9servation de la famille, du placement des jeunes et des services de r\u00e9tablissement. Un nouveau nom sera annonc\u00e9 le 21 avril 2022. www.childrensbureau.org<\/em><\/p>","protected":false},"excerpt":{"rendered":"<p>FOR IMMEDIATE RELEASE Media Contact: Brian Heinemann Department of Child Services Cell: 317-473-2416 Email:\u00a0brian.heinemann@dcs.in.gov MARION COUNTY (APRIL 5, 2022)\u00a0\u2013 The Indiana Department of Child Services, in partnership with Children\u2019s Bureau + Families First, will honor Child Abuse Prevention Month by dyeing the Indiana Central Canal blue. WHEN: Tuesday, April 12, 2022 TIME: 9 a.m. WHERE: [&hellip;]<\/p>\n","protected":false},"author":19,"featured_media":0,"comment_status":"open","ping_status":"open","sticky":false,"template":"","format":"standard","meta":{"_et_pb_use_builder":"","_et_pb_old_content":"","_et_gb_content_width":"","footnotes":""},"categories":[21],"tags":[],"class_list":["post-10400","post","type-post","status-publish","format-standard","hentry","category-news"],"yoast_head":"<!-- This site is optimized with the Yoast SEO plugin v27.4 - https:\/\/yoast.com\/product\/yoast-seo-wordpress\/ -->\n<title>Canal to be Dyed Blue for Child Abuse Prevention - Firefly Children and Family Alliance<\/title>\n<meta name=\"robots\" content=\"index, follow, max-snippet:-1, max-image-preview:large, max-video-preview:-1\" \/>\n<link rel=\"canonical\" href=\"https:\/\/fireflyin.org\/fr\/resources\/news-library\/canal-to-be-dyed-blue-for-child-abuse-prevention\/\" \/>\n<meta property=\"og:locale\" content=\"fr_FR\" \/>\n<meta property=\"og:type\" content=\"article\" \/>\n<meta property=\"og:title\" content=\"Canal to be Dyed Blue for Child Abuse Prevention - Firefly Children and Family Alliance\" \/>\n<meta property=\"og:description\" content=\"FOR IMMEDIATE RELEASE Media Contact: Brian Heinemann Department of Child Services Cell: 317-473-2416 Email:\u00a0brian.heinemann@dcs.in.gov MARION COUNTY (APRIL 5, 2022)\u00a0\u2013 The Indiana Department of Child Services, in partnership with Children\u2019s Bureau + Families First, will honor Child Abuse Prevention Month by dyeing the Indiana Central Canal blue. WHEN: Tuesday, April 12, 2022 TIME: 9 a.m. WHERE: [&hellip;]\" \/>\n<meta property=\"og:url\" content=\"https:\/\/fireflyin.org\/fr\/resources\/news-library\/canal-to-be-dyed-blue-for-child-abuse-prevention\/\" \/>\n<meta property=\"og:site_name\" content=\"Firefly Children and Family Alliance\" \/>\n<meta property=\"article:published_time\" content=\"2022-04-11T20:14:21+00:00\" \/>\n<meta property=\"article:modified_time\" content=\"2025-02-25T17:05:16+00:00\" \/>\n<meta name=\"author\" content=\"Firefly Children and Family Alliance\" \/>\n<meta name=\"twitter:card\" content=\"summary_large_image\" \/>\n<meta name=\"twitter:label1\" content=\"\u00c9crit par\" \/>\n\t<meta name=\"twitter:data1\" content=\"Firefly Children and Family Alliance\" \/>\n\t<meta name=\"twitter:label2\" content=\"Dur\u00e9e de lecture estim\u00e9e\" \/>\n\t<meta name=\"twitter:data2\" content=\"1 minute\" \/>\n<script type=\"application\/ld+json\" class=\"yoast-schema-graph\">{\"@context\":\"https:\\\/\\\/schema.org\",\"@graph\":[{\"@type\":\"Article\",\"@id\":\"https:\\\/\\\/fireflyin.org\\\/resources\\\/news-library\\\/canal-to-be-dyed-blue-for-child-abuse-prevention\\\/#article\",\"isPartOf\":{\"@id\":\"https:\\\/\\\/fireflyin.org\\\/resources\\\/news-library\\\/canal-to-be-dyed-blue-for-child-abuse-prevention\\\/\"},\"author\":{\"name\":\"Firefly Children and Family Alliance\",\"@id\":\"https:\\\/\\\/fireflyin.org\\\/#\\\/schema\\\/person\\\/4a0a717d05ab7bca77c74ce89ec295bf\"},\"headline\":\"Canal to be Dyed Blue for Child Abuse Prevention\",\"datePublished\":\"2022-04-11T20:14:21+00:00\",\"dateModified\":\"2025-02-25T17:05:16+00:00\",\"mainEntityOfPage\":{\"@id\":\"https:\\\/\\\/fireflyin.org\\\/resources\\\/news-library\\\/canal-to-be-dyed-blue-for-child-abuse-prevention\\\/\"},\"wordCount\":256,\"commentCount\":0,\"articleSection\":[\"News\"],\"inLanguage\":\"fr-FR\"},{\"@type\":\"WebPage\",\"@id\":\"https:\\\/\\\/fireflyin.org\\\/resources\\\/news-library\\\/canal-to-be-dyed-blue-for-child-abuse-prevention\\\/\",\"url\":\"https:\\\/\\\/fireflyin.org\\\/resources\\\/news-library\\\/canal-to-be-dyed-blue-for-child-abuse-prevention\\\/\",\"name\":\"Canal to be Dyed Blue for Child Abuse Prevention - Firefly Children and Family Alliance\",\"isPartOf\":{\"@id\":\"https:\\\/\\\/fireflyin.org\\\/#website\"},\"datePublished\":\"2022-04-11T20:14:21+00:00\",\"dateModified\":\"2025-02-25T17:05:16+00:00\",\"author\":{\"@id\":\"https:\\\/\\\/fireflyin.org\\\/#\\\/schema\\\/person\\\/4a0a717d05ab7bca77c74ce89ec295bf\"},\"breadcrumb\":{\"@id\":\"https:\\\/\\\/fireflyin.org\\\/resources\\\/news-library\\\/canal-to-be-dyed-blue-for-child-abuse-prevention\\\/#breadcrumb\"},\"inLanguage\":\"fr-FR\",\"potentialAction\":[{\"@type\":\"ReadAction\",\"target\":[\"https:\\\/\\\/fireflyin.org\\\/resources\\\/news-library\\\/canal-to-be-dyed-blue-for-child-abuse-prevention\\\/\"]}]},{\"@type\":\"BreadcrumbList\",\"@id\":\"https:\\\/\\\/fireflyin.org\\\/resources\\\/news-library\\\/canal-to-be-dyed-blue-for-child-abuse-prevention\\\/#breadcrumb\",\"itemListElement\":[{\"@type\":\"ListItem\",\"position\":1,\"name\":\"Home\",\"item\":\"https:\\\/\\\/fireflyin.org\\\/\"},{\"@type\":\"ListItem\",\"position\":2,\"name\":\"Canal to be Dyed Blue for Child Abuse Prevention\"}]},{\"@type\":\"WebSite\",\"@id\":\"https:\\\/\\\/fireflyin.org\\\/#website\",\"url\":\"https:\\\/\\\/fireflyin.org\\\/\",\"name\":\"Firefly Children and Family Alliance\",\"description\":\"foster parents impact, foster kids, foster parents needed, a foster parent&#039;s role\",\"potentialAction\":[{\"@type\":\"SearchAction\",\"target\":{\"@type\":\"EntryPoint\",\"urlTemplate\":\"https:\\\/\\\/fireflyin.org\\\/?s={search_term_string}\"},\"query-input\":{\"@type\":\"PropertyValueSpecification\",\"valueRequired\":true,\"valueName\":\"search_term_string\"}}],\"inLanguage\":\"fr-FR\"},{\"@type\":\"Person\",\"@id\":\"https:\\\/\\\/fireflyin.org\\\/#\\\/schema\\\/person\\\/4a0a717d05ab7bca77c74ce89ec295bf\",\"name\":\"Firefly Children and Family Alliance\",\"image\":{\"@type\":\"ImageObject\",\"inLanguage\":\"fr-FR\",\"@id\":\"https:\\\/\\\/secure.gravatar.com\\\/avatar\\\/05d76712c41f02a8e2d8f22346b1a85e7f00cb4436efc2fa6670ee39129fd71b?s=96&d=mm&r=g\",\"url\":\"https:\\\/\\\/secure.gravatar.com\\\/avatar\\\/05d76712c41f02a8e2d8f22346b1a85e7f00cb4436efc2fa6670ee39129fd71b?s=96&d=mm&r=g\",\"contentUrl\":\"https:\\\/\\\/secure.gravatar.com\\\/avatar\\\/05d76712c41f02a8e2d8f22346b1a85e7f00cb4436efc2fa6670ee39129fd71b?s=96&d=mm&r=g\",\"caption\":\"Firefly Children and Family Alliance\"},\"url\":\"https:\\\/\\\/fireflyin.org\\\/fr\\\/resources\\\/news-library\\\/author\\\/firefly-children-and-family-alliance\\\/\"}]}<\/script>\n<!-- \/ Yoast SEO plugin. -->","yoast_head_json":{"title":"Canal to be Dyed Blue for Child Abuse Prevention - Firefly Children and Family Alliance","robots":{"index":"index","follow":"follow","max-snippet":"max-snippet:-1","max-image-preview":"max-image-preview:large","max-video-preview":"max-video-preview:-1"},"canonical":"https:\/\/fireflyin.org\/fr\/resources\/news-library\/canal-to-be-dyed-blue-for-child-abuse-prevention\/","og_locale":"fr_FR","og_type":"article","og_title":"Canal to be Dyed Blue for Child Abuse Prevention - Firefly Children and Family Alliance","og_description":"FOR IMMEDIATE RELEASE Media Contact: Brian Heinemann Department of Child Services Cell: 317-473-2416 Email:\u00a0brian.heinemann@dcs.in.gov MARION COUNTY (APRIL 5, 2022)\u00a0\u2013 The Indiana Department of Child Services, in partnership with Children\u2019s Bureau + Families First, will honor Child Abuse Prevention Month by dyeing the Indiana Central Canal blue. WHEN: Tuesday, April 12, 2022 TIME: 9 a.m. WHERE: [&hellip;]","og_url":"https:\/\/fireflyin.org\/fr\/resources\/news-library\/canal-to-be-dyed-blue-for-child-abuse-prevention\/","og_site_name":"Firefly Children and Family Alliance","article_published_time":"2022-04-11T20:14:21+00:00","article_modified_time":"2025-02-25T17:05:16+00:00","author":"Firefly Children and Family Alliance","twitter_card":"summary_large_image","twitter_misc":{"\u00c9crit par":"Firefly Children and Family Alliance","Dur\u00e9e de lecture estim\u00e9e":"1 minute"},"schema":{"@context":"https:\/\/schema.org","@graph":[{"@type":"Article","@id":"https:\/\/fireflyin.org\/resources\/news-library\/canal-to-be-dyed-blue-for-child-abuse-prevention\/#article","isPartOf":{"@id":"https:\/\/fireflyin.org\/resources\/news-library\/canal-to-be-dyed-blue-for-child-abuse-prevention\/"},"author":{"name":"Firefly Children and Family Alliance","@id":"https:\/\/fireflyin.org\/#\/schema\/person\/4a0a717d05ab7bca77c74ce89ec295bf"},"headline":"Canal to be Dyed Blue for Child Abuse Prevention","datePublished":"2022-04-11T20:14:21+00:00","dateModified":"2025-02-25T17:05:16+00:00","mainEntityOfPage":{"@id":"https:\/\/fireflyin.org\/resources\/news-library\/canal-to-be-dyed-blue-for-child-abuse-prevention\/"},"wordCount":256,"commentCount":0,"articleSection":["News"],"inLanguage":"fr-FR"},{"@type":"WebPage","@id":"https:\/\/fireflyin.org\/resources\/news-library\/canal-to-be-dyed-blue-for-child-abuse-prevention\/","url":"https:\/\/fireflyin.org\/resources\/news-library\/canal-to-be-dyed-blue-for-child-abuse-prevention\/","name":"Canal to be Dyed Blue for Child Abuse Prevention - Firefly Children and Family Alliance","isPartOf":{"@id":"https:\/\/fireflyin.org\/#website"},"datePublished":"2022-04-11T20:14:21+00:00","dateModified":"2025-02-25T17:05:16+00:00","author":{"@id":"https:\/\/fireflyin.org\/#\/schema\/person\/4a0a717d05ab7bca77c74ce89ec295bf"},"breadcrumb":{"@id":"https:\/\/fireflyin.org\/resources\/news-library\/canal-to-be-dyed-blue-for-child-abuse-prevention\/#breadcrumb"},"inLanguage":"fr-FR","potentialAction":[{"@type":"ReadAction","target":["https:\/\/fireflyin.org\/resources\/news-library\/canal-to-be-dyed-blue-for-child-abuse-prevention\/"]}]},{"@type":"BreadcrumbList","@id":"https:\/\/fireflyin.org\/resources\/news-library\/canal-to-be-dyed-blue-for-child-abuse-prevention\/#breadcrumb","itemListElement":[{"@type":"ListItem","position":1,"name":"Home","item":"https:\/\/fireflyin.org\/"},{"@type":"ListItem","position":2,"name":"Canal to be Dyed Blue for Child Abuse Prevention"}]},{"@type":"WebSite","@id":"https:\/\/fireflyin.org\/#website","url":"https:\/\/fireflyin.org\/","name":"Alliance des enfants et de la famille Firefly","description":"impact des parents d&#039;accueil, enfants en famille d&#039;accueil, parents d&#039;accueil n\u00e9cessaires, r\u00f4le d&#039;un parent d&#039;accueil","potentialAction":[{"@type":"SearchAction","target":{"@type":"EntryPoint","urlTemplate":"https:\/\/fireflyin.org\/?s={search_term_string}"},"query-input":{"@type":"PropertyValueSpecification","valueRequired":true,"valueName":"search_term_string"}}],"inLanguage":"fr-FR"},{"@type":"Person","@id":"https:\/\/fireflyin.org\/#\/schema\/person\/4a0a717d05ab7bca77c74ce89ec295bf","name":"Alliance des enfants et de la famille Firefly","image":{"@type":"ImageObject","inLanguage":"fr-FR","@id":"https:\/\/secure.gravatar.com\/avatar\/05d76712c41f02a8e2d8f22346b1a85e7f00cb4436efc2fa6670ee39129fd71b?s=96&d=mm&r=g","url":"https:\/\/secure.gravatar.com\/avatar\/05d76712c41f02a8e2d8f22346b1a85e7f00cb4436efc2fa6670ee39129fd71b?s=96&d=mm&r=g","contentUrl":"https:\/\/secure.gravatar.com\/avatar\/05d76712c41f02a8e2d8f22346b1a85e7f00cb4436efc2fa6670ee39129fd71b?s=96&d=mm&r=g","caption":"Firefly Children and Family Alliance"},"url":"https:\/\/fireflyin.org\/fr\/resources\/news-library\/author\/firefly-children-and-family-alliance\/"}]}},"_links":{"self":[{"href":"https:\/\/fireflyin.org\/fr\/wp-json\/wp\/v2\/posts\/10400","targetHints":{"allow":["GET"]}}],"collection":[{"href":"https:\/\/fireflyin.org\/fr\/wp-json\/wp\/v2\/posts"}],"about":[{"href":"https:\/\/fireflyin.org\/fr\/wp-json\/wp\/v2\/types\/post"}],"author":[{"embeddable":true,"href":"https:\/\/fireflyin.org\/fr\/wp-json\/wp\/v2\/users\/19"}],"replies":[{"embeddable":true,"href":"https:\/\/fireflyin.org\/fr\/wp-json\/wp\/v2\/comments?post=10400"}],"version-history":[{"count":0,"href":"https:\/\/fireflyin.org\/fr\/wp-json\/wp\/v2\/posts\/10400\/revisions"}],"wp:attachment":[{"href":"https:\/\/fireflyin.org\/fr\/wp-json\/wp\/v2\/media?parent=10400"}],"wp:term":[{"taxonomy":"category","embeddable":true,"href":"https:\/\/fireflyin.org\/fr\/wp-json\/wp\/v2\/categories?post=10400"},{"taxonomy":"post_tag","embeddable":true,"href":"https:\/\/fireflyin.org\/fr\/wp-json\/wp\/v2\/tags?post=10400"}],"curies":[{"name":"wp","href":"https:\/\/api.w.org\/{rel}","templated":true}]}}