{"id":80103,"date":"2025-07-30T13:31:51","date_gmt":"2025-07-30T17:31:51","guid":{"rendered":"https:\/\/fireflyin.org\/?p=80103"},"modified":"2025-07-30T13:31:51","modified_gmt":"2025-07-30T17:31:51","slug":"kris-corner-telling-your-child-their-story","status":"publish","type":"post","link":"https:\/\/fireflyin.org\/es\/resources\/news-library\/kris-corner-telling-your-child-their-story\/","title":{"rendered":"El Rinc\u00f3n de Kris \u2013 Cont\u00e1ndole la historia a tu hijo"},"content":{"rendered":"<p>Hace poco, asist\u00ed a una reuni\u00f3n de un grupo de apoyo cuyo tema era compartir la historia de mi hijo. A riesgo de parecer demasiado confiada, antes de ir, sent\u00eda que lo hab\u00eda hecho bastante bien. Pero, como suele ocurrir cuando me conf\u00edo demasiado, me fui de la reuni\u00f3n d\u00e1ndome cuenta de que no lo hab\u00eda hecho tan bien como pensaba.<\/p>\n<p>Para ser justos conmigo mismo, no fue terrible (solo hab\u00eda m\u00e1s lagunas de las que hab\u00eda querido admitir), y era totalmente solucionable porque no hab\u00eda mentido; sobre todo, necesitaba aclarar un mont\u00f3n de detalles. As\u00ed que, en general, me quedaba mucho por contar. Y quiz\u00e1 t\u00fa tambi\u00e9n.<\/p>\n<p>Estoy seguro de que muchos hemos o\u00eddo que, seg\u00fan el consenso general de los expertos, los ni\u00f1os deber\u00edan conocer su historia completa a los 12 a\u00f1os. Ahora bien, quiero hacer una pausa y decir, obviamente, solo si el ni\u00f1o va a poder manejarlo. Si su funci\u00f3n es muy baja o es emocionalmente mucho m\u00e1s joven, no s\u00e9 si los 12 a\u00f1os deban ser la regla inamovible. Para que quede claro, las instructoras no lo dijeron, pero es mi opini\u00f3n, no profesional (pero basada en mi experiencia).<\/p>\n<p>Como fue una capacitaci\u00f3n muy informativa, quiero compartir con ustedes algunos de los otros temas que abordaron. Ante todo, reconocen que es inc\u00f3modo tanto para el padre adoptivo o de acogida como para el ni\u00f1o. Tanto es as\u00ed que a menudo nunca se menciona porque todos se sienten inc\u00f3modos. As\u00ed que el objetivo de la capacitaci\u00f3n fue este: si el ni\u00f1o no lo menciona, depende de ti, como adulto (el responsable de la historia), ser quien &quot;arroje la piedra&quot;.<\/p>\n<p>\u00bfQu\u00e9 significa eso? \u00bf&quot;Tirar una piedra&quot;? B\u00e1sicamente, se trata de pensar brevemente en tu hijo\/a y en c\u00f3mo se relaciona con su familia biol\u00f3gica, y ver si participa en la conversaci\u00f3n. Por ejemplo: &quot;Tienes unos ojos color avellana preciosos. Me pregunto qui\u00e9n m\u00e1s en tu familia de origen los tendr\u00e1&quot;. No has hecho una pregunta, simplemente has hecho una observaci\u00f3n y te has quedado esperando a ver si el ni\u00f1o\/a participa. Puede que responda con un comentario o una pregunta sobre sus ojos o sobre algo completamente diferente de su familia de origen. O puede que cambie de tema por completo.<\/p>\n<p>Y cada una de esas opciones est\u00e1 perfectamente bien, porque este ejercicio no se trata tanto de iniciar una conversaci\u00f3n (aunque ser\u00eda genial si lo hicieras), sino sobre todo de mostrarle al ni\u00f1o que piensas en su familia biol\u00f3gica. Ya puedes suponer que, con toda probabilidad, ellos tambi\u00e9n, pero no saben c\u00f3mo dec\u00edrtelo; el ni\u00f1o tiene sentimientos encontrados al respecto (\u00a1lo cual es comprensible!). Pero al lanzar una piedra, le demuestras que eres un espacio seguro para hablar de su familia de origen.<\/p>\n<p>Otro punto de la charla es que debes ser completamente sincero. No adornes ni omitas detalles, aunque sea muy dif\u00edcil; solo cuando hay verdad, un ni\u00f1o puede empezar a sanar. Claramente, no va a suceder de inmediato, pero si se le deja con dudas sobre su historia, o si hay lagunas en ella, completar\u00e1 sus propios detalles, que probablemente no sean precisos.<\/p>\n<p>Adem\u00e1s, no tengas miedo de decir que no sabes la respuesta. Es muy probable que en alg\u00fan momento surjan preguntas que no sepas. Puede que nadie sepa la respuesta. As\u00ed que no tengas miedo de hablar de eso con tu hijo tambi\u00e9n.<\/p>\n<p>Un \u00faltimo punto que mencionaron es que, si no sabe la respuesta, sepa que es muy posible que necesite buscar ayuda de otra persona\u2026 tal vez de alguien que haya pasado por una experiencia similar a la de su hijo, pero que est\u00e9 m\u00e1s adelantado en el proceso y est\u00e9 trabajando en su camino hacia la sanaci\u00f3n. Esta persona comprender\u00e1 a su hijo de una manera que usted no puede, porque ha pasado por una experiencia similar. Y esta persona podr\u00eda ver y validar a su hijo de una manera que usted no puede. No porque no lo intente, no porque no lo quiera, sino simplemente porque nunca pudo comprender plenamente sus sentimientos y su historia como esta otra persona s\u00ed. Y esto tambi\u00e9n ayudar\u00e1 a su hijo en su sanaci\u00f3n.<\/p>\n<p>A menudo, un ni\u00f1o en adopci\u00f3n o acogida siente mucha verg\u00fcenza por no estar con su familia biol\u00f3gica. Obviamente, estas circunstancias no fueron culpa suya, pero a\u00fan queda mucho por superar. Solo al compartir su historia completa con \u00e9l y permitirle afrontar su realidad, podr\u00e1 lamentar todo lo perdido y avanzar en su proceso de sanaci\u00f3n.<\/p>\n<p>Atentamente,<\/p>\n<p>Kris<\/p>","protected":false},"excerpt":{"rendered":"<p>Recently, I attended a support group meeting in which the topic for the night was sharing your child\u2019s story with them. At the risk of sounding overly-confident, before I went, I felt like I had done a pretty good job of things. But, as often happens when I am overly-confident, I walked away from the [&hellip;]<\/p>\n","protected":false},"author":14,"featured_media":0,"comment_status":"open","ping_status":"open","sticky":false,"template":"","format":"standard","meta":{"_et_pb_use_builder":"","_et_pb_old_content":"","_et_gb_content_width":"","footnotes":""},"categories":[10],"tags":[],"class_list":["post-80103","post","type-post","status-publish","format-standard","hentry","category-kriss-corner"],"yoast_head":"<!-- This site is optimized with the Yoast SEO plugin v27.4 - https:\/\/yoast.com\/product\/yoast-seo-wordpress\/ -->\n<title>Kris&#039; Corner - Telling Your Child their Story - Firefly Children and Family Alliance<\/title>\n<meta name=\"robots\" content=\"index, follow, max-snippet:-1, max-image-preview:large, max-video-preview:-1\" \/>\n<link rel=\"canonical\" href=\"https:\/\/fireflyin.org\/es\/resources\/news-library\/kris-corner-telling-your-child-their-story\/\" \/>\n<meta property=\"og:locale\" content=\"es_ES\" \/>\n<meta property=\"og:type\" content=\"article\" \/>\n<meta property=\"og:title\" content=\"Kris&#039; Corner - Telling Your Child their Story - Firefly Children and Family Alliance\" \/>\n<meta property=\"og:description\" content=\"Recently, I attended a support group meeting in which the topic for the night was sharing your child\u2019s story with them. At the risk of sounding overly-confident, before I went, I felt like I had done a pretty good job of things. But, as often happens when I am overly-confident, I walked away from the [&hellip;]\" \/>\n<meta property=\"og:url\" content=\"https:\/\/fireflyin.org\/es\/resources\/news-library\/kris-corner-telling-your-child-their-story\/\" \/>\n<meta property=\"og:site_name\" content=\"Firefly Children and Family Alliance\" \/>\n<meta property=\"article:published_time\" content=\"2025-07-30T17:31:51+00:00\" \/>\n<meta name=\"author\" content=\"Kaed Stewart\" \/>\n<meta name=\"twitter:card\" content=\"summary_large_image\" \/>\n<meta name=\"twitter:label1\" content=\"Escrito por\" \/>\n\t<meta name=\"twitter:data1\" content=\"Kaed Stewart\" \/>\n\t<meta name=\"twitter:label2\" content=\"Tiempo de lectura\" \/>\n\t<meta name=\"twitter:data2\" content=\"4 minutos\" \/>\n<script type=\"application\/ld+json\" class=\"yoast-schema-graph\">{\"@context\":\"https:\\\/\\\/schema.org\",\"@graph\":[{\"@type\":\"Article\",\"@id\":\"https:\\\/\\\/fireflyin.org\\\/resources\\\/news-library\\\/kris-corner-telling-your-child-their-story\\\/#article\",\"isPartOf\":{\"@id\":\"https:\\\/\\\/fireflyin.org\\\/resources\\\/news-library\\\/kris-corner-telling-your-child-their-story\\\/\"},\"author\":{\"name\":\"Kaed Stewart\",\"@id\":\"https:\\\/\\\/fireflyin.org\\\/#\\\/schema\\\/person\\\/065dd4025de6dece1e4db07a7735dbde\"},\"headline\":\"Kris&#8217; Corner &#8211; Telling Your Child their Story\",\"datePublished\":\"2025-07-30T17:31:51+00:00\",\"mainEntityOfPage\":{\"@id\":\"https:\\\/\\\/fireflyin.org\\\/resources\\\/news-library\\\/kris-corner-telling-your-child-their-story\\\/\"},\"wordCount\":901,\"commentCount\":0,\"articleSection\":[\"Kris' Corner\"],\"inLanguage\":\"es\"},{\"@type\":\"WebPage\",\"@id\":\"https:\\\/\\\/fireflyin.org\\\/resources\\\/news-library\\\/kris-corner-telling-your-child-their-story\\\/\",\"url\":\"https:\\\/\\\/fireflyin.org\\\/resources\\\/news-library\\\/kris-corner-telling-your-child-their-story\\\/\",\"name\":\"Kris' Corner - Telling Your Child their Story - Firefly Children and Family Alliance\",\"isPartOf\":{\"@id\":\"https:\\\/\\\/fireflyin.org\\\/#website\"},\"datePublished\":\"2025-07-30T17:31:51+00:00\",\"author\":{\"@id\":\"https:\\\/\\\/fireflyin.org\\\/#\\\/schema\\\/person\\\/065dd4025de6dece1e4db07a7735dbde\"},\"breadcrumb\":{\"@id\":\"https:\\\/\\\/fireflyin.org\\\/resources\\\/news-library\\\/kris-corner-telling-your-child-their-story\\\/#breadcrumb\"},\"inLanguage\":\"es\",\"potentialAction\":[{\"@type\":\"ReadAction\",\"target\":[\"https:\\\/\\\/fireflyin.org\\\/resources\\\/news-library\\\/kris-corner-telling-your-child-their-story\\\/\"]}]},{\"@type\":\"BreadcrumbList\",\"@id\":\"https:\\\/\\\/fireflyin.org\\\/resources\\\/news-library\\\/kris-corner-telling-your-child-their-story\\\/#breadcrumb\",\"itemListElement\":[{\"@type\":\"ListItem\",\"position\":1,\"name\":\"Home\",\"item\":\"https:\\\/\\\/fireflyin.org\\\/\"},{\"@type\":\"ListItem\",\"position\":2,\"name\":\"Kris&#8217; Corner &#8211; Telling Your Child their Story\"}]},{\"@type\":\"WebSite\",\"@id\":\"https:\\\/\\\/fireflyin.org\\\/#website\",\"url\":\"https:\\\/\\\/fireflyin.org\\\/\",\"name\":\"Firefly Children and Family Alliance\",\"description\":\"foster parents impact, foster kids, foster parents needed, a foster parent&#039;s role\",\"potentialAction\":[{\"@type\":\"SearchAction\",\"target\":{\"@type\":\"EntryPoint\",\"urlTemplate\":\"https:\\\/\\\/fireflyin.org\\\/?s={search_term_string}\"},\"query-input\":{\"@type\":\"PropertyValueSpecification\",\"valueRequired\":true,\"valueName\":\"search_term_string\"}}],\"inLanguage\":\"es\"},{\"@type\":\"Person\",\"@id\":\"https:\\\/\\\/fireflyin.org\\\/#\\\/schema\\\/person\\\/065dd4025de6dece1e4db07a7735dbde\",\"name\":\"Kaed Stewart\",\"image\":{\"@type\":\"ImageObject\",\"inLanguage\":\"es\",\"@id\":\"https:\\\/\\\/secure.gravatar.com\\\/avatar\\\/7c01eea2382d9317db665bece492bfd4ee255a80289f81cc68ef2a36c8aa254b?s=96&d=mm&r=g\",\"url\":\"https:\\\/\\\/secure.gravatar.com\\\/avatar\\\/7c01eea2382d9317db665bece492bfd4ee255a80289f81cc68ef2a36c8aa254b?s=96&d=mm&r=g\",\"contentUrl\":\"https:\\\/\\\/secure.gravatar.com\\\/avatar\\\/7c01eea2382d9317db665bece492bfd4ee255a80289f81cc68ef2a36c8aa254b?s=96&d=mm&r=g\",\"caption\":\"Kaed Stewart\"},\"sameAs\":[\"http:\\\/\\\/fireflyin.org\"],\"url\":\"https:\\\/\\\/fireflyin.org\\\/es\\\/resources\\\/news-library\\\/author\\\/kstewart\\\/\"}]}<\/script>\n<!-- \/ Yoast SEO plugin. -->","yoast_head_json":{"title":"Kris' Corner - Telling Your Child their Story - Firefly Children and Family Alliance","robots":{"index":"index","follow":"follow","max-snippet":"max-snippet:-1","max-image-preview":"max-image-preview:large","max-video-preview":"max-video-preview:-1"},"canonical":"https:\/\/fireflyin.org\/es\/resources\/news-library\/kris-corner-telling-your-child-their-story\/","og_locale":"es_ES","og_type":"article","og_title":"Kris' Corner - Telling Your Child their Story - Firefly Children and Family Alliance","og_description":"Recently, I attended a support group meeting in which the topic for the night was sharing your child\u2019s story with them. At the risk of sounding overly-confident, before I went, I felt like I had done a pretty good job of things. But, as often happens when I am overly-confident, I walked away from the [&hellip;]","og_url":"https:\/\/fireflyin.org\/es\/resources\/news-library\/kris-corner-telling-your-child-their-story\/","og_site_name":"Firefly Children and Family Alliance","article_published_time":"2025-07-30T17:31:51+00:00","author":"Kaed Stewart","twitter_card":"summary_large_image","twitter_misc":{"Escrito por":"Kaed Stewart","Tiempo de lectura":"4 minutos"},"schema":{"@context":"https:\/\/schema.org","@graph":[{"@type":"Article","@id":"https:\/\/fireflyin.org\/resources\/news-library\/kris-corner-telling-your-child-their-story\/#article","isPartOf":{"@id":"https:\/\/fireflyin.org\/resources\/news-library\/kris-corner-telling-your-child-their-story\/"},"author":{"name":"Kaed Stewart","@id":"https:\/\/fireflyin.org\/#\/schema\/person\/065dd4025de6dece1e4db07a7735dbde"},"headline":"Kris&#8217; Corner &#8211; Telling Your Child their Story","datePublished":"2025-07-30T17:31:51+00:00","mainEntityOfPage":{"@id":"https:\/\/fireflyin.org\/resources\/news-library\/kris-corner-telling-your-child-their-story\/"},"wordCount":901,"commentCount":0,"articleSection":["Kris' Corner"],"inLanguage":"es"},{"@type":"WebPage","@id":"https:\/\/fireflyin.org\/resources\/news-library\/kris-corner-telling-your-child-their-story\/","url":"https:\/\/fireflyin.org\/resources\/news-library\/kris-corner-telling-your-child-their-story\/","name":"Kris' Corner - Telling Your Child their Story - Firefly Children and Family Alliance","isPartOf":{"@id":"https:\/\/fireflyin.org\/#website"},"datePublished":"2025-07-30T17:31:51+00:00","author":{"@id":"https:\/\/fireflyin.org\/#\/schema\/person\/065dd4025de6dece1e4db07a7735dbde"},"breadcrumb":{"@id":"https:\/\/fireflyin.org\/resources\/news-library\/kris-corner-telling-your-child-their-story\/#breadcrumb"},"inLanguage":"es","potentialAction":[{"@type":"ReadAction","target":["https:\/\/fireflyin.org\/resources\/news-library\/kris-corner-telling-your-child-their-story\/"]}]},{"@type":"BreadcrumbList","@id":"https:\/\/fireflyin.org\/resources\/news-library\/kris-corner-telling-your-child-their-story\/#breadcrumb","itemListElement":[{"@type":"ListItem","position":1,"name":"Home","item":"https:\/\/fireflyin.org\/"},{"@type":"ListItem","position":2,"name":"Kris&#8217; Corner &#8211; Telling Your Child their Story"}]},{"@type":"WebSite","@id":"https:\/\/fireflyin.org\/#website","url":"https:\/\/fireflyin.org\/","name":"Alianza de Ni\u00f1os y Familias Firefly","description":"impacto de los padres adoptivos, ni\u00f1os adoptivos, se necesitan padres adoptivos, el papel de un padre adoptivo&#039;","potentialAction":[{"@type":"SearchAction","target":{"@type":"EntryPoint","urlTemplate":"https:\/\/fireflyin.org\/?s={search_term_string}"},"query-input":{"@type":"PropertyValueSpecification","valueRequired":true,"valueName":"search_term_string"}}],"inLanguage":"es"},{"@type":"Person","@id":"https:\/\/fireflyin.org\/#\/schema\/person\/065dd4025de6dece1e4db07a7735dbde","name":"Kaed Stewart","image":{"@type":"ImageObject","inLanguage":"es","@id":"https:\/\/secure.gravatar.com\/avatar\/7c01eea2382d9317db665bece492bfd4ee255a80289f81cc68ef2a36c8aa254b?s=96&d=mm&r=g","url":"https:\/\/secure.gravatar.com\/avatar\/7c01eea2382d9317db665bece492bfd4ee255a80289f81cc68ef2a36c8aa254b?s=96&d=mm&r=g","contentUrl":"https:\/\/secure.gravatar.com\/avatar\/7c01eea2382d9317db665bece492bfd4ee255a80289f81cc68ef2a36c8aa254b?s=96&d=mm&r=g","caption":"Kaed Stewart"},"sameAs":["http:\/\/fireflyin.org"],"url":"https:\/\/fireflyin.org\/es\/resources\/news-library\/author\/kstewart\/"}]}},"_links":{"self":[{"href":"https:\/\/fireflyin.org\/es\/wp-json\/wp\/v2\/posts\/80103","targetHints":{"allow":["GET"]}}],"collection":[{"href":"https:\/\/fireflyin.org\/es\/wp-json\/wp\/v2\/posts"}],"about":[{"href":"https:\/\/fireflyin.org\/es\/wp-json\/wp\/v2\/types\/post"}],"author":[{"embeddable":true,"href":"https:\/\/fireflyin.org\/es\/wp-json\/wp\/v2\/users\/14"}],"replies":[{"embeddable":true,"href":"https:\/\/fireflyin.org\/es\/wp-json\/wp\/v2\/comments?post=80103"}],"version-history":[{"count":0,"href":"https:\/\/fireflyin.org\/es\/wp-json\/wp\/v2\/posts\/80103\/revisions"}],"wp:attachment":[{"href":"https:\/\/fireflyin.org\/es\/wp-json\/wp\/v2\/media?parent=80103"}],"wp:term":[{"taxonomy":"category","embeddable":true,"href":"https:\/\/fireflyin.org\/es\/wp-json\/wp\/v2\/categories?post=80103"},{"taxonomy":"post_tag","embeddable":true,"href":"https:\/\/fireflyin.org\/es\/wp-json\/wp\/v2\/tags?post=80103"}],"curies":[{"name":"gracias","href":"https:\/\/api.w.org\/{rel}","templated":true}]}}