{"id":17740,"date":"2023-08-01T11:30:51","date_gmt":"2023-08-01T15:30:51","guid":{"rendered":"https:\/\/fireflyin.org\/?p=17740"},"modified":"2025-02-25T12:05:01","modified_gmt":"2025-02-25T17:05:01","slug":"kris-corner-sensory-input-and-the-fourth-of-july","status":"publish","type":"post","link":"https:\/\/fireflyin.org\/es\/resources\/news-library\/kris-corner-sensory-input-and-the-fourth-of-july\/","title":{"rendered":"Rinc\u00f3n de Kris: Informaci\u00f3n sensorial y el 4 de julio"},"content":{"rendered":"<p>As\u00ed que esto no es necesariamente espec\u00edfico del 4 de julio, aunque absolutamente tiene su lugar en esta \u00e9poca del a\u00f1o, por lo que lo incluyo ahora. Como hemos discutido antes, los ni\u00f1os bajo cuidado siempre tienen trauma. Incluso si le dicen que no tienen trauma, el simple hecho de ser separado de la familia biol\u00f3gica es una experiencia traum\u00e1tica... independientemente de lo que la gente intente afirmar.<\/p>\n<p>Pero mi punto es que algunos ni\u00f1os, como parte de su trauma, tienen sensibilidad sensorial, lo que significa que anhelan m\u00e1s informaci\u00f3n o son reacios a ella... \u00bfas\u00ed que ya ves a d\u00f3nde voy con esta publicaci\u00f3n? Lo menciono ahora porque hay muchas oportunidades para un aporte sensorial serio el 4 de julio.<\/p>\n<p>Entonces, cuando consideramos la informaci\u00f3n sensorial, pensamos en nuestros cinco sentidos: vista, olfato, o\u00eddo, gusto y tacto. Algunos ejemplos comunes de cosas que los ni\u00f1os buscan y\/o evitan de esos sentidos son los siguientes (e incluir\u00e9 espec\u00edficamente ejemplos espec\u00edficos del 4 de julio):<\/p>\n<ul>\n<li><strong>Vista: <\/strong>Patrones visuales, ciertos colores o formas, objetos que se mueven o giran, y objetos o luces brillantes; esto obviamente puede incluir fuegos artificiales tanto en tierra como en el aire.<\/li>\n<li><strong>Oler: <\/strong>Olores espec\u00edficos. A algunos ni\u00f1os les gusta oler todo, mientras que otros son capaces de detectar olores que otros no notan... y les molestan. Para el 4 de julio, podr\u00eda ser el olor a humo de los fuegos artificiales o comida a la parrilla. Personalmente, no puedo imaginarlo, pero s\u00e9 que es cierto que algunas personas tienen aversi\u00f3n a esos olores.<\/li>\n<li><strong>Audiencia: <\/strong>Sonidos fuertes o inesperados como alarmas contra incendios o cantos, tipos de ruidos repetitivos o espec\u00edficos (como chasquidos de dedos o aplausos). Los estruendos fuertes de los fuegos artificiales entrar\u00edan absolutamente en esta categor\u00eda.<\/li>\n<li><strong>Gusto: <\/strong>Sabores espec\u00edficos (como picante, agrio, amargo o mentolado) y texturas (como crujiente, masticable o blanda), masticar o chupar objetos que no son alimentos (como mangas de camisa o cuellos); \u00a1esto podr\u00eda ser evidente por algunos de los alimentos que a menudo se sirven en este d\u00eda festivo que podr\u00edan no estar en el men\u00fa t\u00edpico del ni\u00f1o!<\/li>\n<li><strong>Tocar: <\/strong>Toque de otras personas, tocar y juguetear con objetos, ropa ajustada o suave, y ciertas texturas o superficies; esto siempre podr\u00eda incluir una aversi\u00f3n o atracci\u00f3n por el fuego\/encender los fuegos artificiales o las bengalas. Caso en cuesti\u00f3n: \u00bfcon qu\u00e9 frecuencia tiene que decirle a un ni\u00f1o &quot;\u00a1no toques!&quot; cuando se trata de tocar una llama o una mecha encendida?<\/li>\n<\/ul>\n<p>Ahora bien, no todos los ni\u00f1os son claramente solo buscadores sensoriales o solo evitadores sensoriales. Algunos ni\u00f1os pueden mostrar una u otra respuesta seg\u00fan su situaci\u00f3n o entorno. Esto puede cambiar seg\u00fan cu\u00e1n desregulados est\u00e9n, cu\u00e1n capaces sean de autorregularse, as\u00ed como la situaci\u00f3n en general... y si nunca ha tenido una ubicaci\u00f3n actual en su hogar el 4 de julio, es posible que no sepa c\u00f3mo \u00e9l responder\u00e1<\/p>\n<p>Por ejemplo, algunos ni\u00f1os no tienen problemas en entornos familiares, pero pueden tener un colapso sensorial en lugares concurridos o desconocidos; por ejemplo, si est\u00e1 en el centro de la ciudad para ver los fuegos artificiales, habr\u00e1 mucha gente, tal vez piense c\u00f3mo su hijo maneja ese tipo de situaci\u00f3n y luego agregue todas las otras posibles minas terrestres de las vacaciones. O su hijo puede buscar o evitar informaci\u00f3n para ayudarlo a calmarse, cuando normalmente no lo hace.<\/p>\n<p>Lo que nos lleva de vuelta al 4 de julio. Ahora concedido... cualquier festividad puede ser una lucha para un ni\u00f1o de lugares dif\u00edciles... pero esta festividad en particular (personalmente creo) tiene tantas oportunidades variadas para la desregulaci\u00f3n que solo quiero mencionar esto ahora para que usted, como el capaz y bien- padres adoptivos versados que son, pueden estar en su A-Game para las pr\u00f3ximas festividades.<\/p>\n<p>Entonces, \u00bfqu\u00e9 puedes hacer para prepararte? Bueno, si es su primera vez con un ni\u00f1o en particular y no est\u00e1 realmente seguro de qu\u00e9 esperar, pondr\u00eda el list\u00f3n bajo y siempre tendr\u00eda un plan de escape. Lo que quiero decir con eso es estar preparado para irse r\u00e1pidamente donde sea que est\u00e9 si su hijo realmente tiene dificultades.<\/p>\n<p>Pero hay otras maneras de prepararse para no tener que desalojar. Como siempre, hable con el ni\u00f1o con anticipaci\u00f3n sobre ad\u00f3nde va, qu\u00e9 est\u00e1 haciendo, qu\u00e9 podr\u00eda ver y\/o experimentar, etc.<\/p>\n<ul>\n<li>Ll\u00e9vate auriculares con cancelaci\u00f3n de ruido para esos estruendosos estruendos de fuegos artificiales.<\/li>\n<li>Llevar agua y snacks; esto siempre fue importante para nosotros... si mi hijo a) se estaba divirtiendo demasiado como para detenerse y comer, o b) simplemente no le gustaban los diferentes tipos de comida en el picnic\/barbacoa, entonces \u00e9l no com\u00eda... y luego las cosas se desmoronaban r\u00e1pidamente para \u00e9l (y para nosotros) una vez que eso suced\u00eda.<\/li>\n<li>Tome un ventilador personal a bater\u00eda; Hist\u00f3ricamente, el Cuarto tiene temperaturas altas en gran parte de los EE. UU., y al menos en nuestras circunstancias, es m\u00e1s probable que mi hijo se descontrole cuando tiene calor... \u00a1as\u00ed que un peque\u00f1o ventilador para ayudar a refrescarse parece una victoria f\u00e1cil!<\/li>\n<\/ul>\n<p>Y para aprovechar las formas de preparaci\u00f3n... considere estar de acuerdo con el hecho de que su hijo no coma de manera saludable ese d\u00eda y d\u00e9jelo pasar. Quiero decir, no estoy diciendo necesariamente un &quot;\u00a1sin az\u00facar para todos!&quot; pero m\u00e1s az\u00facar de lo habitual probablemente estar\u00e1 bien.<\/p>\n<p>Y, por \u00faltimo, perm\u00edtame darle una \u00faltima sugerencia: advierta a cualquier otro ni\u00f1o en su hogar que es posible que tenga que irse si otro ni\u00f1o tiene dificultades, para que pueda suavizar el llanto y el crujir de dientes que podr\u00eda causar la salida. Pero al final del d\u00eda, solo usted conoce al ni\u00f1o y la situaci\u00f3n y podr\u00eda saber qu\u00e9 ser\u00eda lo mejor; si plantar esa semilla puede empeorar las cosas, \u00a1entonces obviamente no lo hagas!<\/p>\n<p>Entonces, en lugar de enumerar todas las posibilidades (porque eso no ser\u00eda posible de todos modos), simplemente le doy un punto de partida para ayudarlo a comenzar a pensar las cosas ANTES de llegar a una noche de fuegos artificiales en la que su hijo est\u00e1 teniendo un monstruo. colapsa y te pillan desprevenido.<\/p>\n<p>Solo tenga en cuenta que es posible que estas vacaciones no sean lo que espera (o necesariamente quiere), pero puede anteponer las necesidades del ni\u00f1o a las suyas para este d\u00eda\/evento. Digamos, por ejemplo, que realmente te encantan los fuegos artificiales y esta es tu \u00fanica oportunidad cada a\u00f1o para ver una exhibici\u00f3n en persona. Pero su hijo adoptivo levanta la tapa despu\u00e9s del primer &quot;boom&quot;, por lo que debe empacar e irse antes de que se desmorone por completo (o mientras se est\u00e1 desmoronando). Solo prep\u00e1rate para hacer eso... en serio, dite con anticipaci\u00f3n que es lo que vas a tener que hacer... pero sorpr\u00e9ndete gratamente si, de hecho, no terminas necesitando hacer eso.<\/p>\n<p>En pocas palabras: \u00a1no te pillar\u00e1n desprevenido! Tienes esto y va a ser genial... incluso si no se parece a ning\u00fan 4 de julio de tu pasado.<\/p>\n<p>Atentamente,<\/p>\n<p>Kris<\/p>","protected":false},"excerpt":{"rendered":"<p>So this isn\u2019t necessarily Fourth of July specific, although it absolutely has its place at this time of year, which is why I\u2019m including it now. As we\u2019ve discussed before, kids in care always have trauma. Even if you\u2019re told that they don\u2019t have trauma, simply being removed from biological family is a traumatic experience\u2026regardless [&hellip;]<\/p>\n","protected":false},"author":19,"featured_media":0,"comment_status":"open","ping_status":"open","sticky":false,"template":"","format":"standard","meta":{"_et_pb_use_builder":"","_et_pb_old_content":"","_et_gb_content_width":"","footnotes":""},"categories":[10,21],"tags":[],"class_list":["post-17740","post","type-post","status-publish","format-standard","hentry","category-kriss-corner","category-news"],"yoast_head":"<!-- This site is optimized with the Yoast SEO plugin v27.4 - https:\/\/yoast.com\/product\/yoast-seo-wordpress\/ -->\n<title>Kris&#039; Corner: Sensory Input and the Fourth of July - Firefly Children and Family Alliance<\/title>\n<meta name=\"robots\" content=\"index, follow, max-snippet:-1, max-image-preview:large, max-video-preview:-1\" \/>\n<link rel=\"canonical\" href=\"https:\/\/fireflyin.org\/es\/resources\/news-library\/kris-corner-sensory-input-and-the-fourth-of-july\/\" \/>\n<meta property=\"og:locale\" content=\"es_ES\" \/>\n<meta property=\"og:type\" content=\"article\" \/>\n<meta property=\"og:title\" content=\"Kris&#039; Corner: Sensory Input and the Fourth of July - Firefly Children and Family Alliance\" \/>\n<meta property=\"og:description\" content=\"So this isn\u2019t necessarily Fourth of July specific, although it absolutely has its place at this time of year, which is why I\u2019m including it now. As we\u2019ve discussed before, kids in care always have trauma. Even if you\u2019re told that they don\u2019t have trauma, simply being removed from biological family is a traumatic experience\u2026regardless [&hellip;]\" \/>\n<meta property=\"og:url\" content=\"https:\/\/fireflyin.org\/es\/resources\/news-library\/kris-corner-sensory-input-and-the-fourth-of-july\/\" \/>\n<meta property=\"og:site_name\" content=\"Firefly Children and Family Alliance\" \/>\n<meta property=\"article:published_time\" content=\"2023-08-01T15:30:51+00:00\" \/>\n<meta property=\"article:modified_time\" content=\"2025-02-25T17:05:01+00:00\" \/>\n<meta name=\"author\" content=\"Firefly Children and Family Alliance\" \/>\n<meta name=\"twitter:card\" content=\"summary_large_image\" \/>\n<meta name=\"twitter:label1\" content=\"Escrito por\" \/>\n\t<meta name=\"twitter:data1\" content=\"Firefly Children and Family Alliance\" \/>\n\t<meta name=\"twitter:label2\" content=\"Tiempo de lectura\" \/>\n\t<meta name=\"twitter:data2\" content=\"6 minutos\" \/>\n<script type=\"application\/ld+json\" class=\"yoast-schema-graph\">{\"@context\":\"https:\\\/\\\/schema.org\",\"@graph\":[{\"@type\":\"Article\",\"@id\":\"https:\\\/\\\/fireflyin.org\\\/resources\\\/news-library\\\/kris-corner-sensory-input-and-the-fourth-of-july\\\/#article\",\"isPartOf\":{\"@id\":\"https:\\\/\\\/fireflyin.org\\\/resources\\\/news-library\\\/kris-corner-sensory-input-and-the-fourth-of-july\\\/\"},\"author\":{\"name\":\"Firefly Children and Family Alliance\",\"@id\":\"https:\\\/\\\/fireflyin.org\\\/#\\\/schema\\\/person\\\/4a0a717d05ab7bca77c74ce89ec295bf\"},\"headline\":\"Kris&#8217; Corner: Sensory Input and the Fourth of July\",\"datePublished\":\"2023-08-01T15:30:51+00:00\",\"dateModified\":\"2025-02-25T17:05:01+00:00\",\"mainEntityOfPage\":{\"@id\":\"https:\\\/\\\/fireflyin.org\\\/resources\\\/news-library\\\/kris-corner-sensory-input-and-the-fourth-of-july\\\/\"},\"wordCount\":1191,\"commentCount\":0,\"articleSection\":[\"Kris' Corner\",\"News\"],\"inLanguage\":\"es\"},{\"@type\":\"WebPage\",\"@id\":\"https:\\\/\\\/fireflyin.org\\\/resources\\\/news-library\\\/kris-corner-sensory-input-and-the-fourth-of-july\\\/\",\"url\":\"https:\\\/\\\/fireflyin.org\\\/resources\\\/news-library\\\/kris-corner-sensory-input-and-the-fourth-of-july\\\/\",\"name\":\"Kris' Corner: Sensory Input and the Fourth of July - Firefly Children and Family Alliance\",\"isPartOf\":{\"@id\":\"https:\\\/\\\/fireflyin.org\\\/#website\"},\"datePublished\":\"2023-08-01T15:30:51+00:00\",\"dateModified\":\"2025-02-25T17:05:01+00:00\",\"author\":{\"@id\":\"https:\\\/\\\/fireflyin.org\\\/#\\\/schema\\\/person\\\/4a0a717d05ab7bca77c74ce89ec295bf\"},\"breadcrumb\":{\"@id\":\"https:\\\/\\\/fireflyin.org\\\/resources\\\/news-library\\\/kris-corner-sensory-input-and-the-fourth-of-july\\\/#breadcrumb\"},\"inLanguage\":\"es\",\"potentialAction\":[{\"@type\":\"ReadAction\",\"target\":[\"https:\\\/\\\/fireflyin.org\\\/resources\\\/news-library\\\/kris-corner-sensory-input-and-the-fourth-of-july\\\/\"]}]},{\"@type\":\"BreadcrumbList\",\"@id\":\"https:\\\/\\\/fireflyin.org\\\/resources\\\/news-library\\\/kris-corner-sensory-input-and-the-fourth-of-july\\\/#breadcrumb\",\"itemListElement\":[{\"@type\":\"ListItem\",\"position\":1,\"name\":\"Home\",\"item\":\"https:\\\/\\\/fireflyin.org\\\/\"},{\"@type\":\"ListItem\",\"position\":2,\"name\":\"Kris&#8217; Corner: Sensory Input and the Fourth of July\"}]},{\"@type\":\"WebSite\",\"@id\":\"https:\\\/\\\/fireflyin.org\\\/#website\",\"url\":\"https:\\\/\\\/fireflyin.org\\\/\",\"name\":\"Firefly Children and Family Alliance\",\"description\":\"foster parents impact, foster kids, foster parents needed, a foster parent&#039;s role\",\"potentialAction\":[{\"@type\":\"SearchAction\",\"target\":{\"@type\":\"EntryPoint\",\"urlTemplate\":\"https:\\\/\\\/fireflyin.org\\\/?s={search_term_string}\"},\"query-input\":{\"@type\":\"PropertyValueSpecification\",\"valueRequired\":true,\"valueName\":\"search_term_string\"}}],\"inLanguage\":\"es\"},{\"@type\":\"Person\",\"@id\":\"https:\\\/\\\/fireflyin.org\\\/#\\\/schema\\\/person\\\/4a0a717d05ab7bca77c74ce89ec295bf\",\"name\":\"Firefly Children and Family Alliance\",\"image\":{\"@type\":\"ImageObject\",\"inLanguage\":\"es\",\"@id\":\"https:\\\/\\\/secure.gravatar.com\\\/avatar\\\/05d76712c41f02a8e2d8f22346b1a85e7f00cb4436efc2fa6670ee39129fd71b?s=96&d=mm&r=g\",\"url\":\"https:\\\/\\\/secure.gravatar.com\\\/avatar\\\/05d76712c41f02a8e2d8f22346b1a85e7f00cb4436efc2fa6670ee39129fd71b?s=96&d=mm&r=g\",\"contentUrl\":\"https:\\\/\\\/secure.gravatar.com\\\/avatar\\\/05d76712c41f02a8e2d8f22346b1a85e7f00cb4436efc2fa6670ee39129fd71b?s=96&d=mm&r=g\",\"caption\":\"Firefly Children and Family Alliance\"},\"url\":\"https:\\\/\\\/fireflyin.org\\\/es\\\/resources\\\/news-library\\\/author\\\/firefly-children-and-family-alliance\\\/\"}]}<\/script>\n<!-- \/ Yoast SEO plugin. -->","yoast_head_json":{"title":"Kris' Corner: Sensory Input and the Fourth of July - Firefly Children and Family Alliance","robots":{"index":"index","follow":"follow","max-snippet":"max-snippet:-1","max-image-preview":"max-image-preview:large","max-video-preview":"max-video-preview:-1"},"canonical":"https:\/\/fireflyin.org\/es\/resources\/news-library\/kris-corner-sensory-input-and-the-fourth-of-july\/","og_locale":"es_ES","og_type":"article","og_title":"Kris' Corner: Sensory Input and the Fourth of July - Firefly Children and Family Alliance","og_description":"So this isn\u2019t necessarily Fourth of July specific, although it absolutely has its place at this time of year, which is why I\u2019m including it now. As we\u2019ve discussed before, kids in care always have trauma. Even if you\u2019re told that they don\u2019t have trauma, simply being removed from biological family is a traumatic experience\u2026regardless [&hellip;]","og_url":"https:\/\/fireflyin.org\/es\/resources\/news-library\/kris-corner-sensory-input-and-the-fourth-of-july\/","og_site_name":"Firefly Children and Family Alliance","article_published_time":"2023-08-01T15:30:51+00:00","article_modified_time":"2025-02-25T17:05:01+00:00","author":"Firefly Children and Family Alliance","twitter_card":"summary_large_image","twitter_misc":{"Escrito por":"Firefly Children and Family Alliance","Tiempo de lectura":"6 minutos"},"schema":{"@context":"https:\/\/schema.org","@graph":[{"@type":"Article","@id":"https:\/\/fireflyin.org\/resources\/news-library\/kris-corner-sensory-input-and-the-fourth-of-july\/#article","isPartOf":{"@id":"https:\/\/fireflyin.org\/resources\/news-library\/kris-corner-sensory-input-and-the-fourth-of-july\/"},"author":{"name":"Firefly Children and Family Alliance","@id":"https:\/\/fireflyin.org\/#\/schema\/person\/4a0a717d05ab7bca77c74ce89ec295bf"},"headline":"Kris&#8217; Corner: Sensory Input and the Fourth of July","datePublished":"2023-08-01T15:30:51+00:00","dateModified":"2025-02-25T17:05:01+00:00","mainEntityOfPage":{"@id":"https:\/\/fireflyin.org\/resources\/news-library\/kris-corner-sensory-input-and-the-fourth-of-july\/"},"wordCount":1191,"commentCount":0,"articleSection":["Kris' Corner","News"],"inLanguage":"es"},{"@type":"WebPage","@id":"https:\/\/fireflyin.org\/resources\/news-library\/kris-corner-sensory-input-and-the-fourth-of-july\/","url":"https:\/\/fireflyin.org\/resources\/news-library\/kris-corner-sensory-input-and-the-fourth-of-july\/","name":"Kris' Corner: Sensory Input and the Fourth of July - Firefly Children and Family Alliance","isPartOf":{"@id":"https:\/\/fireflyin.org\/#website"},"datePublished":"2023-08-01T15:30:51+00:00","dateModified":"2025-02-25T17:05:01+00:00","author":{"@id":"https:\/\/fireflyin.org\/#\/schema\/person\/4a0a717d05ab7bca77c74ce89ec295bf"},"breadcrumb":{"@id":"https:\/\/fireflyin.org\/resources\/news-library\/kris-corner-sensory-input-and-the-fourth-of-july\/#breadcrumb"},"inLanguage":"es","potentialAction":[{"@type":"ReadAction","target":["https:\/\/fireflyin.org\/resources\/news-library\/kris-corner-sensory-input-and-the-fourth-of-july\/"]}]},{"@type":"BreadcrumbList","@id":"https:\/\/fireflyin.org\/resources\/news-library\/kris-corner-sensory-input-and-the-fourth-of-july\/#breadcrumb","itemListElement":[{"@type":"ListItem","position":1,"name":"Home","item":"https:\/\/fireflyin.org\/"},{"@type":"ListItem","position":2,"name":"Kris&#8217; Corner: Sensory Input and the Fourth of July"}]},{"@type":"WebSite","@id":"https:\/\/fireflyin.org\/#website","url":"https:\/\/fireflyin.org\/","name":"Alianza de Ni\u00f1os y Familias Firefly","description":"impacto de los padres adoptivos, ni\u00f1os adoptivos, se necesitan padres adoptivos, el papel de un padre adoptivo&#039;","potentialAction":[{"@type":"SearchAction","target":{"@type":"EntryPoint","urlTemplate":"https:\/\/fireflyin.org\/?s={search_term_string}"},"query-input":{"@type":"PropertyValueSpecification","valueRequired":true,"valueName":"search_term_string"}}],"inLanguage":"es"},{"@type":"Person","@id":"https:\/\/fireflyin.org\/#\/schema\/person\/4a0a717d05ab7bca77c74ce89ec295bf","name":"Alianza de Ni\u00f1os y Familias Firefly","image":{"@type":"ImageObject","inLanguage":"es","@id":"https:\/\/secure.gravatar.com\/avatar\/05d76712c41f02a8e2d8f22346b1a85e7f00cb4436efc2fa6670ee39129fd71b?s=96&d=mm&r=g","url":"https:\/\/secure.gravatar.com\/avatar\/05d76712c41f02a8e2d8f22346b1a85e7f00cb4436efc2fa6670ee39129fd71b?s=96&d=mm&r=g","contentUrl":"https:\/\/secure.gravatar.com\/avatar\/05d76712c41f02a8e2d8f22346b1a85e7f00cb4436efc2fa6670ee39129fd71b?s=96&d=mm&r=g","caption":"Firefly Children and Family Alliance"},"url":"https:\/\/fireflyin.org\/es\/resources\/news-library\/author\/firefly-children-and-family-alliance\/"}]}},"_links":{"self":[{"href":"https:\/\/fireflyin.org\/es\/wp-json\/wp\/v2\/posts\/17740","targetHints":{"allow":["GET"]}}],"collection":[{"href":"https:\/\/fireflyin.org\/es\/wp-json\/wp\/v2\/posts"}],"about":[{"href":"https:\/\/fireflyin.org\/es\/wp-json\/wp\/v2\/types\/post"}],"author":[{"embeddable":true,"href":"https:\/\/fireflyin.org\/es\/wp-json\/wp\/v2\/users\/19"}],"replies":[{"embeddable":true,"href":"https:\/\/fireflyin.org\/es\/wp-json\/wp\/v2\/comments?post=17740"}],"version-history":[{"count":0,"href":"https:\/\/fireflyin.org\/es\/wp-json\/wp\/v2\/posts\/17740\/revisions"}],"wp:attachment":[{"href":"https:\/\/fireflyin.org\/es\/wp-json\/wp\/v2\/media?parent=17740"}],"wp:term":[{"taxonomy":"category","embeddable":true,"href":"https:\/\/fireflyin.org\/es\/wp-json\/wp\/v2\/categories?post=17740"},{"taxonomy":"post_tag","embeddable":true,"href":"https:\/\/fireflyin.org\/es\/wp-json\/wp\/v2\/tags?post=17740"}],"curies":[{"name":"gracias","href":"https:\/\/api.w.org\/{rel}","templated":true}]}}