{"id":39005,"date":"2025-02-12T15:01:45","date_gmt":"2025-02-12T20:01:45","guid":{"rendered":"https:\/\/fireflyin.org\/?p=39005"},"modified":"2025-02-25T12:04:26","modified_gmt":"2025-02-25T17:04:26","slug":"kris-corner-grief-in-foster-care","status":"publish","type":"post","link":"https:\/\/fireflyin.org\/de\/resources\/news-library\/kris-corner-grief-in-foster-care\/","title":{"rendered":"Kris\u2018 Corner \u2013 Trauer in Pflegefamilien"},"content":{"rendered":"<p>Es gibt also viele Gr\u00fcnde, warum Pflegeeltern trauern k\u00f6nnen (ich wei\u00df, dass das vielleicht nicht \u00fcberzeugend ist, wenn Sie sich nicht sicher sind, ob Sie Pflegeeltern werden m\u00f6chten). Aber in erster Linie kann eine Pflegefamilie trauern, wenn ein Kind, von dem sie dachte, es w\u00fcrde f\u00fcr immer bleiben, am Ende mit seiner biologischen Familie wiedervereint wird. Um es klar zu sagen: Es ist ein Grund zum Feiern, wenn ein Kind bei seiner biologischen Familie sein kann, insbesondere wenn die biologische Familie in der Lage ist, die Bindung zur Pflegefamilie aufrechtzuerhalten und sie in Zeiten der Not als Unterst\u00fctzung zu nutzen.<\/p>\n<p>Wie ich jedoch bereits erw\u00e4hnt habe, kann es f\u00fcr eine Pflegefamilie manchmal verheerend sein, insbesondere wenn es sich um ein vor der Adoption stehendes Zuhause handelt und die R\u00e4der f\u00fcr eine Adoption in Bewegung gesetzt wurden. Aber das ist nicht die Absicht meines heutigen Blogs. Es gibt andere Arten von Trauer, die mit der Pflegefamilie verbunden sind, die ich anerkennen m\u00f6chte \u2026 und Ihnen Mut machen m\u00f6chte, wenn Sie jemals eine dieser Arten empfunden haben. Dazu k\u00f6nnen (aber nicht ausschlie\u00dflich) die folgenden geh\u00f6ren:<\/p>\n<ul>\n<li>wenn Sie bekommen, was Sie wollten und ein Kind in Ihrer Obhut bleibt, die Dinge dann aber nicht so laufen, wie Sie dachten (oft viel schwieriger).<\/li>\n<li>wenn Sie meinen, die Diagnose (oder Diagnosen) eines Kindes im Griff zu haben, sich aber herausstellt, dass es sich um so viel mehr handelt.<\/li>\n<li>wenn ein Kind \u00e4lter ist und in Pflege kommt, glaubt man, einen ziemlich guten \u00dcberblick dar\u00fcber zu haben, was vor sich geht \u2026 aber das war blo\u00df eine Flitterwochenphase.<\/li>\n<li>Wenn ein S\u00e4ugling oder Kleinkind zu Ihnen nach Hause kommt, k\u00f6nnen Sie erst, wenn das Kind gr\u00f6\u00dfer und reifer geworden ist, feststellen, um welche Probleme, Entwicklungsverz\u00f6gerungen oder Diagnosen es sich genau handelt.<\/li>\n<li>wenn die leiblichen Eltern Ihnen Missbrauch oder Vernachl\u00e4ssigung vorwerfen.<\/li>\n<li>wenn Sie mit der Betreuung traumatisierter Kinder am Limit sind, die biologische Mutter Ihrer Pflegeperson aber bereits ein weiteres Baby bekommen hat und Sie gebeten hat, es aufzunehmen.<\/li>\n<li>als Sie sich darauf einlie\u00dfen, Kindern aus schwierigen Verh\u00e4ltnissen zu helfen, und es einfach ganz anders war, als Sie es sich vorgestellt hatten.<\/li>\n<li>wenn Sie das Gef\u00fchl haben, mit dem Kopf gegen die Wand zu rennen und keine Fortschritte erzielt werden.<\/li>\n<li>wenn Sie sogar das Gef\u00fchl haben, dass Sie sich nicht nur NICHT vorw\u00e4rts, sondern tats\u00e4chlich r\u00fcckw\u00e4rts bewegen.<\/li>\n<li>wenn es schwierig und frustrierend, entt\u00e4uschend und entmutigend ist.<\/li>\n<\/ul>\n<p>All das kann wirklich schwierig sein. Und die Trauer um eines dieser Dinge ist die Art von Trauer, von der ich spreche.<\/p>\n<p>Und oft f\u00fchrt es nicht nur zu Trauergef\u00fchlen, sondern m\u00f6glicherweise sogar zu Reue; das kann sich definitiv wie ein dunkler Ort anf\u00fchlen. Und wenn das passiert, seien Sie sich bitte bewusst, dass Sie mit diesen Gef\u00fchlen nicht allein sind; die Trauer ist absolut real und auch wenn nicht jeder sie verstehen mag (insbesondere wenn sie nicht in der Welt der Pflegefamilien leben), mindert das nicht die Dinge, die Sie f\u00fchlen.<\/p>\n<p>Wenn diese Gef\u00fchle und Gedanken anhalten, M\u00dcSSEN Sie sich an jemanden wenden und um Hilfe bitten. Suchen Sie sich eine Selbsthilfegruppe. Rufen Sie einen Freund an, der Sie bei Ihrem Weg als Pflegekind unterst\u00fctzt und Verst\u00e4ndnis gezeigt hat. Suchen Sie sich einen Berater (es gibt einige wirklich gro\u00dfartige Berater, die virtuell zur Verf\u00fcgung stehen, wenn Sie keinen pers\u00f6nlichen Termin haben oder Ihr Zeitplan begrenzt ist). All das ist keine Schande \u2026 egal, was Ihnen jemand anderes zu sagen versucht.<\/p>\n<p>Wenn Ihr Kind adoptiert wurde, k\u00f6nnen Sie au\u00dferdem Unterst\u00fctzung durch die Post Adoption Services erhalten. Wenn es sich noch um ein Pflegekind handelt, ist Ihre Agentur (Firefly Children and Family Alliance) oft eine gro\u00dfartige Hilfequelle. Aber manchmal, so habe ich festgestellt, trifft mich die Trauer einfach aus heiterem Himmel und ist nicht durchg\u00e4ngig, sondern es ist ein Moment (oder vielleicht sogar ein Tag), an dem ich mich niedergeschlagen, entmutigt oder pessimistisch f\u00fchle \u2026 und daf\u00fcr habe ich einen Vorschlag, den Sie ausprobieren k\u00f6nnen.<\/p>\n<p>Das ist nicht immer die Antwort f\u00fcr jeden, und ich w\u00fcrde es auch nicht wagen, das zu behaupten. Aber hier ist es \u2026 zumindest ein Denkansto\u00df, um die Momente voller Trauer zu \u00fcberstehen. Wenn ich das Gef\u00fchl habe, mit meiner Kraft am Ende zu sein, stelle ich einen Timer auf ein paar Minuten (vielleicht 10) und lasse mich dar\u00fcber trauern, dass die Dinge nicht so aussehen, wie ich dachte. Wenn ich muss, weine ich ein bisschen (das tue ich oft), und wenn der Timer abgelaufen ist, wische ich mir das Gesicht ab und mache mit der Arbeit weiter, die ich gerade gemacht habe.<\/p>\n<p>Hei\u00dft das nun, dass alles einfacher geworden ist? Nein. Hilft es mir immer, aus meiner Depression herauszukommen? Nein. Ist die Trauer, die ich manchmal f\u00fchle, st\u00e4rker als diese Bew\u00e4ltigungsstrategie helfen kann? Ja. Aber manchmal kann es Ihre Einstellung verbessern, wenn Sie einfach nur emotionale Erleichterung erfahren und Ihre Gef\u00fchle anerkennen und so die wichtige und notwendige Arbeit als Pflegeeltern fortsetzen.<\/p>\n<p>Aufrichtig,<\/p>\n<p>Kris<\/p>","protected":false},"excerpt":{"rendered":"<p>So there are lots of reasons that foster parents might grieve (I know this might not be selling it if you are on the fence about being a foster parent). But first and foremost, a foster family might grieve when a child they think is going to stay forever ends up being reunified with the [&hellip;]<\/p>\n","protected":false},"author":19,"featured_media":0,"comment_status":"open","ping_status":"open","sticky":false,"template":"","format":"standard","meta":{"_et_pb_use_builder":"","_et_pb_old_content":"","_et_gb_content_width":"","footnotes":""},"categories":[10],"tags":[],"class_list":["post-39005","post","type-post","status-publish","format-standard","hentry","category-kriss-corner"],"yoast_head":"<!-- This site is optimized with the Yoast SEO plugin v27.5 - https:\/\/yoast.com\/product\/yoast-seo-wordpress\/ -->\n<title>Kris&#039; Corner - Grief in Foster Care - Firefly Children and Family Alliance<\/title>\n<meta name=\"robots\" content=\"index, follow, max-snippet:-1, max-image-preview:large, max-video-preview:-1\" \/>\n<link rel=\"canonical\" href=\"https:\/\/fireflyin.org\/de\/resources\/news-library\/kris-corner-grief-in-foster-care\/\" \/>\n<meta property=\"og:locale\" content=\"de_DE\" \/>\n<meta property=\"og:type\" content=\"article\" \/>\n<meta property=\"og:title\" content=\"Kris&#039; Corner - Grief in Foster Care - Firefly Children and Family Alliance\" \/>\n<meta property=\"og:description\" content=\"So there are lots of reasons that foster parents might grieve (I know this might not be selling it if you are on the fence about being a foster parent). But first and foremost, a foster family might grieve when a child they think is going to stay forever ends up being reunified with the [&hellip;]\" \/>\n<meta property=\"og:url\" content=\"https:\/\/fireflyin.org\/de\/resources\/news-library\/kris-corner-grief-in-foster-care\/\" \/>\n<meta property=\"og:site_name\" content=\"Firefly Children and Family Alliance\" \/>\n<meta property=\"article:published_time\" content=\"2025-02-12T20:01:45+00:00\" \/>\n<meta property=\"article:modified_time\" content=\"2025-02-25T17:04:26+00:00\" \/>\n<meta name=\"author\" content=\"Firefly Children and Family Alliance\" \/>\n<meta name=\"twitter:card\" content=\"summary_large_image\" \/>\n<meta name=\"twitter:label1\" content=\"Verfasst von\" \/>\n\t<meta name=\"twitter:data1\" content=\"Firefly Children and Family Alliance\" \/>\n\t<meta name=\"twitter:label2\" content=\"Gesch\u00e4tzte Lesezeit\" \/>\n\t<meta name=\"twitter:data2\" content=\"4\u00a0Minuten\" \/>\n<script type=\"application\/ld+json\" class=\"yoast-schema-graph\">{\"@context\":\"https:\\\/\\\/schema.org\",\"@graph\":[{\"@type\":\"Article\",\"@id\":\"https:\\\/\\\/fireflyin.org\\\/resources\\\/news-library\\\/kris-corner-grief-in-foster-care\\\/#article\",\"isPartOf\":{\"@id\":\"https:\\\/\\\/fireflyin.org\\\/resources\\\/news-library\\\/kris-corner-grief-in-foster-care\\\/\"},\"author\":{\"name\":\"Firefly Children and Family Alliance\",\"@id\":\"https:\\\/\\\/fireflyin.org\\\/#\\\/schema\\\/person\\\/4a0a717d05ab7bca77c74ce89ec295bf\"},\"headline\":\"Kris&#8217; Corner &#8211; Grief in Foster Care\",\"datePublished\":\"2025-02-12T20:01:45+00:00\",\"dateModified\":\"2025-02-25T17:04:26+00:00\",\"mainEntityOfPage\":{\"@id\":\"https:\\\/\\\/fireflyin.org\\\/resources\\\/news-library\\\/kris-corner-grief-in-foster-care\\\/\"},\"wordCount\":832,\"commentCount\":0,\"articleSection\":[\"Kris' Corner\"],\"inLanguage\":\"de\"},{\"@type\":\"WebPage\",\"@id\":\"https:\\\/\\\/fireflyin.org\\\/resources\\\/news-library\\\/kris-corner-grief-in-foster-care\\\/\",\"url\":\"https:\\\/\\\/fireflyin.org\\\/resources\\\/news-library\\\/kris-corner-grief-in-foster-care\\\/\",\"name\":\"Kris' Corner - Grief in Foster Care - Firefly Children and Family Alliance\",\"isPartOf\":{\"@id\":\"https:\\\/\\\/fireflyin.org\\\/#website\"},\"datePublished\":\"2025-02-12T20:01:45+00:00\",\"dateModified\":\"2025-02-25T17:04:26+00:00\",\"author\":{\"@id\":\"https:\\\/\\\/fireflyin.org\\\/#\\\/schema\\\/person\\\/4a0a717d05ab7bca77c74ce89ec295bf\"},\"breadcrumb\":{\"@id\":\"https:\\\/\\\/fireflyin.org\\\/resources\\\/news-library\\\/kris-corner-grief-in-foster-care\\\/#breadcrumb\"},\"inLanguage\":\"de\",\"potentialAction\":[{\"@type\":\"ReadAction\",\"target\":[\"https:\\\/\\\/fireflyin.org\\\/resources\\\/news-library\\\/kris-corner-grief-in-foster-care\\\/\"]}]},{\"@type\":\"BreadcrumbList\",\"@id\":\"https:\\\/\\\/fireflyin.org\\\/resources\\\/news-library\\\/kris-corner-grief-in-foster-care\\\/#breadcrumb\",\"itemListElement\":[{\"@type\":\"ListItem\",\"position\":1,\"name\":\"Home\",\"item\":\"https:\\\/\\\/fireflyin.org\\\/\"},{\"@type\":\"ListItem\",\"position\":2,\"name\":\"Kris&#8217; Corner &#8211; Grief in Foster Care\"}]},{\"@type\":\"WebSite\",\"@id\":\"https:\\\/\\\/fireflyin.org\\\/#website\",\"url\":\"https:\\\/\\\/fireflyin.org\\\/\",\"name\":\"Firefly Children and Family Alliance\",\"description\":\"foster parents impact, foster kids, foster parents needed, a foster parent&#039;s role\",\"potentialAction\":[{\"@type\":\"SearchAction\",\"target\":{\"@type\":\"EntryPoint\",\"urlTemplate\":\"https:\\\/\\\/fireflyin.org\\\/?s={search_term_string}\"},\"query-input\":{\"@type\":\"PropertyValueSpecification\",\"valueRequired\":true,\"valueName\":\"search_term_string\"}}],\"inLanguage\":\"de\"},{\"@type\":\"Person\",\"@id\":\"https:\\\/\\\/fireflyin.org\\\/#\\\/schema\\\/person\\\/4a0a717d05ab7bca77c74ce89ec295bf\",\"name\":\"Firefly Children and Family Alliance\",\"image\":{\"@type\":\"ImageObject\",\"inLanguage\":\"de\",\"@id\":\"https:\\\/\\\/secure.gravatar.com\\\/avatar\\\/05d76712c41f02a8e2d8f22346b1a85e7f00cb4436efc2fa6670ee39129fd71b?s=96&d=mm&r=g\",\"url\":\"https:\\\/\\\/secure.gravatar.com\\\/avatar\\\/05d76712c41f02a8e2d8f22346b1a85e7f00cb4436efc2fa6670ee39129fd71b?s=96&d=mm&r=g\",\"contentUrl\":\"https:\\\/\\\/secure.gravatar.com\\\/avatar\\\/05d76712c41f02a8e2d8f22346b1a85e7f00cb4436efc2fa6670ee39129fd71b?s=96&d=mm&r=g\",\"caption\":\"Firefly Children and Family Alliance\"},\"url\":\"https:\\\/\\\/fireflyin.org\\\/de\\\/resources\\\/news-library\\\/author\\\/firefly-children-and-family-alliance\\\/\"}]}<\/script>\n<!-- \/ Yoast SEO plugin. -->","yoast_head_json":{"title":"Kris' Corner - Grief in Foster Care - Firefly Children and Family Alliance","robots":{"index":"index","follow":"follow","max-snippet":"max-snippet:-1","max-image-preview":"max-image-preview:large","max-video-preview":"max-video-preview:-1"},"canonical":"https:\/\/fireflyin.org\/de\/resources\/news-library\/kris-corner-grief-in-foster-care\/","og_locale":"de_DE","og_type":"article","og_title":"Kris' Corner - Grief in Foster Care - Firefly Children and Family Alliance","og_description":"So there are lots of reasons that foster parents might grieve (I know this might not be selling it if you are on the fence about being a foster parent). But first and foremost, a foster family might grieve when a child they think is going to stay forever ends up being reunified with the [&hellip;]","og_url":"https:\/\/fireflyin.org\/de\/resources\/news-library\/kris-corner-grief-in-foster-care\/","og_site_name":"Firefly Children and Family Alliance","article_published_time":"2025-02-12T20:01:45+00:00","article_modified_time":"2025-02-25T17:04:26+00:00","author":"Firefly Children and Family Alliance","twitter_card":"summary_large_image","twitter_misc":{"Verfasst von":"Firefly Children and Family Alliance","Gesch\u00e4tzte Lesezeit":"4\u00a0Minuten"},"schema":{"@context":"https:\/\/schema.org","@graph":[{"@type":"Article","@id":"https:\/\/fireflyin.org\/resources\/news-library\/kris-corner-grief-in-foster-care\/#article","isPartOf":{"@id":"https:\/\/fireflyin.org\/resources\/news-library\/kris-corner-grief-in-foster-care\/"},"author":{"name":"Firefly Children and Family Alliance","@id":"https:\/\/fireflyin.org\/#\/schema\/person\/4a0a717d05ab7bca77c74ce89ec295bf"},"headline":"Kris&#8217; Corner &#8211; Grief in Foster Care","datePublished":"2025-02-12T20:01:45+00:00","dateModified":"2025-02-25T17:04:26+00:00","mainEntityOfPage":{"@id":"https:\/\/fireflyin.org\/resources\/news-library\/kris-corner-grief-in-foster-care\/"},"wordCount":832,"commentCount":0,"articleSection":["Kris' Corner"],"inLanguage":"de"},{"@type":"WebPage","@id":"https:\/\/fireflyin.org\/resources\/news-library\/kris-corner-grief-in-foster-care\/","url":"https:\/\/fireflyin.org\/resources\/news-library\/kris-corner-grief-in-foster-care\/","name":"Kris' Corner - Grief in Foster Care - Firefly Children and Family Alliance","isPartOf":{"@id":"https:\/\/fireflyin.org\/#website"},"datePublished":"2025-02-12T20:01:45+00:00","dateModified":"2025-02-25T17:04:26+00:00","author":{"@id":"https:\/\/fireflyin.org\/#\/schema\/person\/4a0a717d05ab7bca77c74ce89ec295bf"},"breadcrumb":{"@id":"https:\/\/fireflyin.org\/resources\/news-library\/kris-corner-grief-in-foster-care\/#breadcrumb"},"inLanguage":"de","potentialAction":[{"@type":"ReadAction","target":["https:\/\/fireflyin.org\/resources\/news-library\/kris-corner-grief-in-foster-care\/"]}]},{"@type":"BreadcrumbList","@id":"https:\/\/fireflyin.org\/resources\/news-library\/kris-corner-grief-in-foster-care\/#breadcrumb","itemListElement":[{"@type":"ListItem","position":1,"name":"Home","item":"https:\/\/fireflyin.org\/"},{"@type":"ListItem","position":2,"name":"Kris&#8217; Corner &#8211; Grief in Foster Care"}]},{"@type":"WebSite","@id":"https:\/\/fireflyin.org\/#website","url":"https:\/\/fireflyin.org\/","name":"Firefly Kinder- und Familienallianz","description":"Auswirkungen auf Pflegeeltern, Pflegekinder, ben\u00f6tigte Pflegeeltern, die Rolle eines Pflegeelternteils","potentialAction":[{"@type":"SearchAction","target":{"@type":"EntryPoint","urlTemplate":"https:\/\/fireflyin.org\/?s={search_term_string}"},"query-input":{"@type":"PropertyValueSpecification","valueRequired":true,"valueName":"search_term_string"}}],"inLanguage":"de"},{"@type":"Person","@id":"https:\/\/fireflyin.org\/#\/schema\/person\/4a0a717d05ab7bca77c74ce89ec295bf","name":"Firefly Kinder- und Familienallianz","image":{"@type":"ImageObject","inLanguage":"de","@id":"https:\/\/secure.gravatar.com\/avatar\/05d76712c41f02a8e2d8f22346b1a85e7f00cb4436efc2fa6670ee39129fd71b?s=96&d=mm&r=g","url":"https:\/\/secure.gravatar.com\/avatar\/05d76712c41f02a8e2d8f22346b1a85e7f00cb4436efc2fa6670ee39129fd71b?s=96&d=mm&r=g","contentUrl":"https:\/\/secure.gravatar.com\/avatar\/05d76712c41f02a8e2d8f22346b1a85e7f00cb4436efc2fa6670ee39129fd71b?s=96&d=mm&r=g","caption":"Firefly Children and Family Alliance"},"url":"https:\/\/fireflyin.org\/de\/resources\/news-library\/author\/firefly-children-and-family-alliance\/"}]}},"_links":{"self":[{"href":"https:\/\/fireflyin.org\/de\/wp-json\/wp\/v2\/posts\/39005","targetHints":{"allow":["GET"]}}],"collection":[{"href":"https:\/\/fireflyin.org\/de\/wp-json\/wp\/v2\/posts"}],"about":[{"href":"https:\/\/fireflyin.org\/de\/wp-json\/wp\/v2\/types\/post"}],"author":[{"embeddable":true,"href":"https:\/\/fireflyin.org\/de\/wp-json\/wp\/v2\/users\/19"}],"replies":[{"embeddable":true,"href":"https:\/\/fireflyin.org\/de\/wp-json\/wp\/v2\/comments?post=39005"}],"version-history":[{"count":0,"href":"https:\/\/fireflyin.org\/de\/wp-json\/wp\/v2\/posts\/39005\/revisions"}],"wp:attachment":[{"href":"https:\/\/fireflyin.org\/de\/wp-json\/wp\/v2\/media?parent=39005"}],"wp:term":[{"taxonomy":"category","embeddable":true,"href":"https:\/\/fireflyin.org\/de\/wp-json\/wp\/v2\/categories?post=39005"},{"taxonomy":"post_tag","embeddable":true,"href":"https:\/\/fireflyin.org\/de\/wp-json\/wp\/v2\/tags?post=39005"}],"curies":[{"name":"wp","href":"https:\/\/api.w.org\/{rel}","templated":true}]}}